{"id":116038,"date":"2013-10-30T17:39:10","date_gmt":"2013-10-30T17:39:10","guid":{"rendered":"http:\/\/www.fuldaer-nachrichten.de\/?p=116038"},"modified":"2013-10-30T17:39:10","modified_gmt":"2013-10-30T17:39:10","slug":"caritas-abreiss-und-buchkalender-2014-ab-sofort-in-geschaeftsstelle-erhaeltlich","status":"publish","type":"post","link":"https:\/\/www.fuldaernachrichten.de\/?p=116038","title":{"rendered":"Caritas-Abrei\u00df- und Buchkalender 2014 ab sofort in Gesch\u00e4ftsstelle erh\u00e4ltlich"},"content":{"rendered":"<p><b><a href=\"http:\/\/www.fuldaer-nachrichten.de\/wp-content\/uploads\/2013\/10\/zu-82-cs_Kalender_2014_Gruppe.jpg\"><img fetchpriority=\"high\" decoding=\"async\" class=\"alignleft size-thumbnail wp-image-116039\" alt=\"zu 82-cs_Kalender_2014_Gruppe\" src=\"http:\/\/www.fuldaer-nachrichten.de\/wp-content\/uploads\/2013\/10\/zu-82-cs_Kalender_2014_Gruppe-265x227.jpg\" width=\"265\" height=\"227\" srcset=\"https:\/\/www.fuldaernachrichten.de\/wp-content\/uploads\/2013\/10\/zu-82-cs_Kalender_2014_Gruppe-265x227.jpg 265w, https:\/\/www.fuldaernachrichten.de\/wp-content\/uploads\/2013\/10\/zu-82-cs_Kalender_2014_Gruppe.jpg 600w\" sizes=\"(max-width: 265px) 100vw, 265px\" \/><\/a>Fulda (cif).<\/b> Die Tage werden k\u00fcrzer, die Temperaturen fallen, das Jahr 2013 geht langsam in die Zielgrade \u2013 und dementsprechend liegen nun auch die\u00c2\u00a0 neuen Kalender 2014 der Caritas vor. Sowohl der Abrei\u00dfkalender \u201eUnser t\u00e4glich Brot\u201c mit seinen wechselnden Kurzimpulsen aus der Heiligen Schrift, von Literaten und Philosophen, als auch der umfassende Buchkalender mit seinen 160 lesenswerten Seiten zu Themen wie Garten, K\u00fcche, Haushalt oder Gesundheit, aber auch mit anregenden Kurzgeschichten und Fabeln, k\u00f6nnen ab sofort k\u00e4uflich erworben werden.<!--more--><\/p>\n<div>\n<p>Der Abrei\u00dfkalender kostet im Einzelpreis 4,40 Euro, den Buchkalender gibt es f\u00fcr 5,50 Euro zzgl. Versandkosten. Bei gr\u00f6\u00dferen Bestellmengen ab bereits f\u00fcnf Exemplaren einer Kalender-Sorte wird ein Mengenrabatt gew\u00e4hrt. Bestellungen bitte per Mail an <a href=\"mailto:oeffentlichkeitsarbeit@caritas-fulda.de\">oeffentlichkeitsarbeit@caritas-fulda.de<\/a> Erh\u00e4ltlich sind die Kalender aber auch zum Selbstabholen zu den \u00fcblichen Gesch\u00e4ftszeiten\u00c2\u00a0 beim Caritasverband f\u00fcr die Di\u00f6zese Fulda, Wilhelmstra\u00dfe 2, 36037 Fulda, Referat \u00d6ffentlichkeitsarbeit.<\/p>\n<\/div>\n","protected":false},"excerpt":{"rendered":"<div class=\"tmnf_excerpt\"><p>Fulda (cif). Die Tage werden k\u00fcrzer, die Temperaturen fallen, das Jahr 2013 geht langsam in die Zielgrade \u2013 und dementsprechend liegen nun auch die\u00c2\u00a0 neuen Kalender 2014 der Caritas vor. Sowohl der Abrei\u00dfkalender \u201eUnser t\u00e4glich Brot\u201c mit seinen wechselnden Kurzimpulsen aus der Heiligen Schrift, von Literaten und Philosophen, als auch der umfassende Buchkalender mit seinen &hellip;<\/p>\n<\/div>","protected":false},"author":1,"featured_media":0,"comment_status":"closed","ping_status":"closed","sticky":false,"template":"","format":"standard","meta":{"footnotes":""},"categories":[1,50],"tags":[],"class_list":["post-116038","post","type-post","status-publish","format-standard","hentry","category-startseite","category-kirche"],"_links":{"self":[{"href":"https:\/\/www.fuldaernachrichten.de\/index.php?rest_route=\/wp\/v2\/posts\/116038","targetHints":{"allow":["GET"]}}],"collection":[{"href":"https:\/\/www.fuldaernachrichten.de\/index.php?rest_route=\/wp\/v2\/posts"}],"about":[{"href":"https:\/\/www.fuldaernachrichten.de\/index.php?rest_route=\/wp\/v2\/types\/post"}],"author":[{"embeddable":true,"href":"https:\/\/www.fuldaernachrichten.de\/index.php?rest_route=\/wp\/v2\/users\/1"}],"replies":[{"embeddable":true,"href":"https:\/\/www.fuldaernachrichten.de\/index.php?rest_route=%2Fwp%2Fv2%2Fcomments&post=116038"}],"version-history":[{"count":1,"href":"https:\/\/www.fuldaernachrichten.de\/index.php?rest_route=\/wp\/v2\/posts\/116038\/revisions"}],"predecessor-version":[{"id":116040,"href":"https:\/\/www.fuldaernachrichten.de\/index.php?rest_route=\/wp\/v2\/posts\/116038\/revisions\/116040"}],"wp:attachment":[{"href":"https:\/\/www.fuldaernachrichten.de\/index.php?rest_route=%2Fwp%2Fv2%2Fmedia&parent=116038"}],"wp:term":[{"taxonomy":"category","embeddable":true,"href":"https:\/\/www.fuldaernachrichten.de\/index.php?rest_route=%2Fwp%2Fv2%2Fcategories&post=116038"},{"taxonomy":"post_tag","embeddable":true,"href":"https:\/\/www.fuldaernachrichten.de\/index.php?rest_route=%2Fwp%2Fv2%2Ftags&post=116038"}],"curies":[{"name":"wp","href":"https:\/\/api.w.org\/{rel}","templated":true}]}}