{"id":116030,"date":"2013-10-31T00:13:24","date_gmt":"2013-10-31T00:13:24","guid":{"rendered":"http:\/\/www.fuldaer-nachrichten.de\/?p=116030"},"modified":"2013-10-30T17:30:25","modified_gmt":"2013-10-30T17:30:25","slug":"mediana-mobil-wieder-mit-note-10-mdk-prueft-und-beraet-fuldaer-pflegedienst","status":"publish","type":"post","link":"https:\/\/www.fuldaernachrichten.de\/?p=116030","title":{"rendered":"Mediana Mobil wieder mit Note 1,0 &#8211; MDK pr\u00fcft und ber\u00e4t Fuldaer Pflegedienst"},"content":{"rendered":"<div id=\"attachment_116031\" style=\"width: 275px\" class=\"wp-caption alignleft\"><a href=\"http:\/\/www.fuldaer-nachrichten.de\/wp-content\/uploads\/2013\/10\/ok_IMG_4325.jpg\"><img fetchpriority=\"high\" decoding=\"async\" aria-describedby=\"caption-attachment-116031\" class=\"size-thumbnail wp-image-116031\" alt=\"(von links): Hartmut A.Schwab (Pflegedienstleiter), Andrea V\u00f6ller (stellv.Pflegedienstleitung), Markus K\u00f6nig (Leiter Beratungsstelle Neuhof), Markus Otto (Gesamtleitung) \" src=\"http:\/\/www.fuldaer-nachrichten.de\/wp-content\/uploads\/2013\/10\/ok_IMG_4325-265x198.jpg\" width=\"265\" height=\"198\" srcset=\"https:\/\/www.fuldaernachrichten.de\/wp-content\/uploads\/2013\/10\/ok_IMG_4325-265x198.jpg 265w, https:\/\/www.fuldaernachrichten.de\/wp-content\/uploads\/2013\/10\/ok_IMG_4325.jpg 600w\" sizes=\"(max-width: 265px) 100vw, 265px\" \/><\/a><p id=\"caption-attachment-116031\" class=\"wp-caption-text\">(von links):<br \/>Hartmut A.Schwab (Pflegedienstleiter), Andrea V\u00f6ller (stellv.Pflegedienstleitung), Markus K\u00f6nig (Leiter Beratungsstelle Neuhof), Markus Otto (Gesamtleitung)<\/p><\/div>\n<p>Fulda. Im August wurde der h\u00e4usliche Vollversorger Mediana Mobil vom MDK (medizinischer Dienst der Krankenversicherung) erneut begutachtet und gepr\u00fcft. In allen Teilbereichen konnte die sehr gute Note von 1,0 erneut erreicht werden. Neben den Pr\u00fcfbereichen \u201epflegerischen Leistungen\u201c und den \u201e\u00e4rztlich verordneten Leistungen\u201c wurde auch im \u201eBereich Dienstleistung und Organisation\u201c jeweils eine 1,0 vergeben.<\/p>\n<p>&#8220;Wir sind damit sehr zufrieden&#8221;, kommentierte Hartmut A. Schwab (Pflegedienstleiter) und freut sich sehr, dass auch bei der intensiven Vor-Ort Befragung von Kunden die Befragung ebenfalls mit 1,0 ausfiel. Markus Otto (Gesamtleiter) bedankt sich beim gesamten Team der h\u00e4uslichen Pflege und der Kinderkrankenpflege f\u00fcr die dauerhaften sehr guten Leistungen unter nicht immer einfachen Bedingungen Tag f\u00fcr Tag.<\/p>\n<p>&nbsp;<\/p>\n","protected":false},"excerpt":{"rendered":"<div class=\"tmnf_excerpt\"><p>Fulda. Im August wurde der h\u00e4usliche Vollversorger Mediana Mobil vom MDK (medizinischer Dienst der Krankenversicherung) erneut begutachtet und gepr\u00fcft. In allen Teilbereichen konnte die sehr gute Note von 1,0 erneut erreicht werden. Neben den Pr\u00fcfbereichen \u201epflegerischen Leistungen\u201c und den \u201e\u00e4rztlich verordneten Leistungen\u201c wurde auch im \u201eBereich Dienstleistung und Organisation\u201c jeweils eine 1,0 vergeben. &#8220;Wir sind &hellip;<\/p>\n<\/div>","protected":false},"author":1,"featured_media":0,"comment_status":"closed","ping_status":"closed","sticky":false,"template":"","format":"standard","meta":{"footnotes":""},"categories":[1,51],"tags":[],"class_list":["post-116030","post","type-post","status-publish","format-standard","hentry","category-startseite","category-medizin"],"_links":{"self":[{"href":"https:\/\/www.fuldaernachrichten.de\/index.php?rest_route=\/wp\/v2\/posts\/116030","targetHints":{"allow":["GET"]}}],"collection":[{"href":"https:\/\/www.fuldaernachrichten.de\/index.php?rest_route=\/wp\/v2\/posts"}],"about":[{"href":"https:\/\/www.fuldaernachrichten.de\/index.php?rest_route=\/wp\/v2\/types\/post"}],"author":[{"embeddable":true,"href":"https:\/\/www.fuldaernachrichten.de\/index.php?rest_route=\/wp\/v2\/users\/1"}],"replies":[{"embeddable":true,"href":"https:\/\/www.fuldaernachrichten.de\/index.php?rest_route=%2Fwp%2Fv2%2Fcomments&post=116030"}],"version-history":[{"count":1,"href":"https:\/\/www.fuldaernachrichten.de\/index.php?rest_route=\/wp\/v2\/posts\/116030\/revisions"}],"predecessor-version":[{"id":116032,"href":"https:\/\/www.fuldaernachrichten.de\/index.php?rest_route=\/wp\/v2\/posts\/116030\/revisions\/116032"}],"wp:attachment":[{"href":"https:\/\/www.fuldaernachrichten.de\/index.php?rest_route=%2Fwp%2Fv2%2Fmedia&parent=116030"}],"wp:term":[{"taxonomy":"category","embeddable":true,"href":"https:\/\/www.fuldaernachrichten.de\/index.php?rest_route=%2Fwp%2Fv2%2Fcategories&post=116030"},{"taxonomy":"post_tag","embeddable":true,"href":"https:\/\/www.fuldaernachrichten.de\/index.php?rest_route=%2Fwp%2Fv2%2Ftags&post=116030"}],"curies":[{"name":"wp","href":"https:\/\/api.w.org\/{rel}","templated":true}]}}