{"id":116003,"date":"2013-10-30T00:09:07","date_gmt":"2013-10-30T00:09:07","guid":{"rendered":"http:\/\/www.fuldaer-nachrichten.de\/?p=116003"},"modified":"2013-10-29T14:16:03","modified_gmt":"2013-10-29T14:16:03","slug":"verbindungsstrasse-erinnert-an-den-grossen-fuldaer-rabbiner-und-gelehrten-maharam-schiff","status":"publish","type":"post","link":"https:\/\/www.fuldaernachrichten.de\/?p=116003","title":{"rendered":"Verbindungsstra\u00dfe erinnert an den gro\u00dfen Fuldaer Rabbiner und Gelehrten Maharam Schiff"},"content":{"rendered":"<p><a href=\"http:\/\/www.fuldaer-nachrichten.de\/wp-content\/uploads\/2013\/10\/DSC_1511.jpg\"><img fetchpriority=\"high\" decoding=\"async\" class=\"alignnone size-full wp-image-116004\" alt=\"DSC_1511\" src=\"http:\/\/www.fuldaer-nachrichten.de\/wp-content\/uploads\/2013\/10\/DSC_1511.jpg\" width=\"560\" height=\"357\" \/><\/a><\/p>\n<p>Fulda (mb). Richtig hie\u00df er Me\u00c2\u00b4ir ben Ja\u00c2\u00b4akov ha Kohen Schiff. Kurz auch Maharam Schiff. Jener bedeutende Fuldaer Rabbiner, Talmud Gelehrte und Kabbalist (mystische j\u00fcdische Tradition der Suche des Menschen nach der Gotteserfahrung), dem das Verbindungsstr\u00e4\u00dfchen zwischen Lindenstra\u00dfe und Rabanusstra\u00dfe neuerdings gewidmet ist.<!--more--><\/p>\n<p><strong>St\u00fcrmisch<\/strong><\/p>\n<p><a href=\"http:\/\/www.fuldaer-nachrichten.de\/wp-content\/uploads\/2013\/10\/DSC_1508.jpg\"><img decoding=\"async\" class=\"alignleft size-thumbnail wp-image-116005\" alt=\"DSC_1508\" src=\"http:\/\/www.fuldaer-nachrichten.de\/wp-content\/uploads\/2013\/10\/DSC_1508-265x175.jpg\" width=\"265\" height=\"175\" srcset=\"https:\/\/www.fuldaernachrichten.de\/wp-content\/uploads\/2013\/10\/DSC_1508-265x175.jpg 265w, https:\/\/www.fuldaernachrichten.de\/wp-content\/uploads\/2013\/10\/DSC_1508.jpg 600w\" sizes=\"(max-width: 265px) 100vw, 265px\" \/><\/a>Ob wohl die Zeiten, in denen Rabbi Schiff lebte \u2013 von 1605 bis 1641 \u2013 wohl ebenso turbulent und st\u00fcrmisch gewesen waren, wie jener Tag, an dem ihm zu Ehren von Oberb\u00fcrgermeister Gerhard M\u00f6ller, dem Vorsitzenden des Landesverbands der j\u00fcdischen Gemeinden in Hessen, Moritz Neumann, Genoba Vorstandssprecher Manfred Gerhard, Mitgliedern der j\u00fcdischen Gemeinde, darunter Vorsitzender Roman Melamed und Bela Gusman sowie durch Stadtbaur\u00e4tin Cornelia Zuschke eine Gedenktafel enth\u00fcllt wurde? Wir wissen es nicht. Umso eindringlicher aber waren die Worte, mit denen dem kurzen, aber f\u00fcr Fulda und den j\u00fcdischen Gemeinden weltweit\u00c2\u00a0 nachhaltigen Lebens Maharam Schiffs gedacht wurde.<\/p>\n<p>18 Jahre lang habe der Rabbiner das religi\u00f6se Leben der Fuldaer Juden gepr\u00e4gt und \u201enachwirkenden Klang in der j\u00fcdischen Welt\u201c durch seine knappe und praxisorientierte Auslegung von Schriften und Gebeten hinterlassen, beschrieb M\u00f6ller den aus Frankfurt 1622 gerade mal 17j\u00e4hrig zugezogenen Gelehrten. Der Flecken, die Mauer, an der nun Schiff gedacht werde, sei Teil des zentralen Orts, der als Friedhof durch die Nationalsozialisten brutal zerst\u00f6rt und entehrt wurde. Mit der Namensgebung r\u00fccke dieser \u201eOrt des Gedenkens wieder ins Leben hinein\u201c, freute sich M\u00f6ller deshalb umso mehr, der insbesondere der j\u00fcdischen Gemeinde von Fulda, Landesvorsitzendem Moritz Neumann sowie dem Initiator der Namensgebung, Dr. Albert Post, und den Vertretern der Genossenschaftsbank f\u00fcr die hervorragende Zusammenarbeit dankte.<\/p>\n<p><strong>Interessante Parallele<\/strong><\/p>\n<p><a href=\"http:\/\/www.fuldaer-nachrichten.de\/wp-content\/uploads\/2013\/10\/DSC_1498.jpg\"><img decoding=\"async\" class=\"alignleft size-thumbnail wp-image-116006\" alt=\"DSC_1498\" src=\"http:\/\/www.fuldaer-nachrichten.de\/wp-content\/uploads\/2013\/10\/DSC_1498-265x175.jpg\" width=\"265\" height=\"175\" srcset=\"https:\/\/www.fuldaernachrichten.de\/wp-content\/uploads\/2013\/10\/DSC_1498-265x175.jpg 265w, https:\/\/www.fuldaernachrichten.de\/wp-content\/uploads\/2013\/10\/DSC_1498.jpg 600w\" sizes=\"(max-width: 265px) 100vw, 265px\" \/><\/a>Eine interessante historische Parallele er\u00f6ffnete Neumann seinen Zuh\u00f6rern. Was f\u00fcr Fulda in der katholischen Welt gelte, eine Stadt mit besonderem Namen zu sein, das habe f\u00fcr Fulda bis 1933 auch in der j\u00fcdischen Welt gegolten. \u00dcber Jahrhunderte h\u00e4tten hier namhafte Rabbiner gewirkt. Von dieser gro\u00dfen Geschichte und Tradition sei nicht viel geblieben \u2013 bis auf die Erinnerung an Maharam Schiff. Umso folgerichtiger ist es aus Neumanns Sicht nun, eine Stra\u00dfe nach einem solchen Mann zu benennen, die durch ihre unmittelbare N\u00e4he zu einem j\u00fcdischen Friedhof gleichzeitig einen besonderen Bezug habe. Dank und Respekt sprach der Landesvorsitzende der j\u00fcdischen Gemeinde in Hessen allen Beteiligten f\u00fcr die Sensibilit\u00e4t und R\u00fccksichtnahme auf j\u00fcdische Belange generell, insbesondere aber beim Bau des neuen Gesch\u00e4ftshauses in unmittelbarer Nachbarschaft zum Friedhof aus \u2013 vor allem dem ausf\u00fchrenden Architekten Manfred Reith sowie Oberb\u00fcrgermeister Gerhard M\u00f6ller.<\/p>\n<p>Schmunzelnd, aber liebevoll bezeichnete Neumann die Namensgebung nach Maharam Schiff als \u201enachgeholte Lektion Volkshochschule im Stra\u00dfenverkehr\u201c. F\u00fcr die Zukunft hofft er, dass die Stra\u00dfe nur gute Erw\u00e4hnung finden m\u00f6ge.<\/p>\n","protected":false},"excerpt":{"rendered":"<div class=\"tmnf_excerpt\"><p>Fulda (mb). Richtig hie\u00df er Me\u00c2\u00b4ir ben Ja\u00c2\u00b4akov ha Kohen Schiff. Kurz auch Maharam Schiff. Jener bedeutende Fuldaer Rabbiner, Talmud Gelehrte und Kabbalist (mystische j\u00fcdische Tradition der Suche des Menschen nach der Gotteserfahrung), dem das Verbindungsstr\u00e4\u00dfchen zwischen Lindenstra\u00dfe und Rabanusstra\u00dfe neuerdings gewidmet ist.<\/p>\n<\/div>","protected":false},"author":1,"featured_media":0,"comment_status":"closed","ping_status":"closed","sticky":false,"template":"","format":"standard","meta":{"footnotes":""},"categories":[1,29,78],"tags":[],"class_list":["post-116003","post","type-post","status-publish","format-standard","hentry","category-startseite","category-politik","category-topthema"],"_links":{"self":[{"href":"https:\/\/www.fuldaernachrichten.de\/index.php?rest_route=\/wp\/v2\/posts\/116003","targetHints":{"allow":["GET"]}}],"collection":[{"href":"https:\/\/www.fuldaernachrichten.de\/index.php?rest_route=\/wp\/v2\/posts"}],"about":[{"href":"https:\/\/www.fuldaernachrichten.de\/index.php?rest_route=\/wp\/v2\/types\/post"}],"author":[{"embeddable":true,"href":"https:\/\/www.fuldaernachrichten.de\/index.php?rest_route=\/wp\/v2\/users\/1"}],"replies":[{"embeddable":true,"href":"https:\/\/www.fuldaernachrichten.de\/index.php?rest_route=%2Fwp%2Fv2%2Fcomments&post=116003"}],"version-history":[{"count":1,"href":"https:\/\/www.fuldaernachrichten.de\/index.php?rest_route=\/wp\/v2\/posts\/116003\/revisions"}],"predecessor-version":[{"id":116007,"href":"https:\/\/www.fuldaernachrichten.de\/index.php?rest_route=\/wp\/v2\/posts\/116003\/revisions\/116007"}],"wp:attachment":[{"href":"https:\/\/www.fuldaernachrichten.de\/index.php?rest_route=%2Fwp%2Fv2%2Fmedia&parent=116003"}],"wp:term":[{"taxonomy":"category","embeddable":true,"href":"https:\/\/www.fuldaernachrichten.de\/index.php?rest_route=%2Fwp%2Fv2%2Fcategories&post=116003"},{"taxonomy":"post_tag","embeddable":true,"href":"https:\/\/www.fuldaernachrichten.de\/index.php?rest_route=%2Fwp%2Fv2%2Ftags&post=116003"}],"curies":[{"name":"wp","href":"https:\/\/api.w.org\/{rel}","templated":true}]}}