{"id":116001,"date":"2013-10-30T00:12:51","date_gmt":"2013-10-30T00:12:51","guid":{"rendered":"http:\/\/www.fuldaer-nachrichten.de\/?p=116001"},"modified":"2013-10-29T14:12:28","modified_gmt":"2013-10-29T14:12:28","slug":"vorverkauf-fuer-zweite-staffel-der-rathausabende-startet","status":"publish","type":"post","link":"https:\/\/www.fuldaernachrichten.de\/?p=116001","title":{"rendered":"Vorverkauf f\u00fcr zweite Staffel der Rathausabende startet"},"content":{"rendered":"<p><b>H\u00fcnfeld. <\/b>Der Kartenvorverkauf f\u00fcr die zweite Staffel der H\u00fcnfelder Rathausabende von Januar bis April startet am 4. November. Auf dem Programm stehen Kabarett, Musik und ein poetisches Schattenspiel. Karten sind in den H\u00fcnfelder Buchhandlungen M\u00f6ller und B\u00fccherladen sowie im B\u00fcrgerb\u00fcro des Rathauses erh\u00e4ltlich.<!--more--><\/p>\n<p>Am 21. Januar um 20 Uhr denkt die Kabarettistin Rena Schwarz \u00fcber Frauen Anfang 40 nach. Der Titel ihres Abends lautet \u201eJung? Attraktiv\u00e2\u20ac\u00a6und \u00fcbrig!\u201c Thematisch bewegt sie sich dabei zwischen Singleb\u00f6rsen und \u00dc-30 Parties mit ihrem schlagfertigen Humor.<\/p>\n<p>Piano Plaudereien gibt es am 25. Februar mit J\u00fcrgen Steffenhagen. Er bietet seinen Zuh\u00f6rern einen unterhaltsamen Spaziergang durch den Notendschungel zwischen Popsongs, Jazz-Standards und Evergreens.<\/p>\n<p>Johann Wolfgang von Goethe, Friedrich Schiller, Theodor Fontane, Franz Kafka und Antoine de Saint-Exup\u00e9ry werden am Dienstag, 18. M\u00e4rz, mit ihren Werken als Poetisches Schattenspiel in Szene gesetzt. Und am Dienstag, 29. April, gastieren um 20 Uhr die L\u00e4sterschwestern auf der B\u00fchne im Rathaussaal. Ihr Thema ist \u201eDas Dilemma mit de M\u00e4nner\u201c, mit dem sie sich schrill, schr\u00e4g und mit viel Esprit auseinandersetzen.<\/p>\n","protected":false},"excerpt":{"rendered":"<div class=\"tmnf_excerpt\"><p>H\u00fcnfeld. Der Kartenvorverkauf f\u00fcr die zweite Staffel der H\u00fcnfelder Rathausabende von Januar bis April startet am 4. November. Auf dem Programm stehen Kabarett, Musik und ein poetisches Schattenspiel. Karten sind in den H\u00fcnfelder Buchhandlungen M\u00f6ller und B\u00fccherladen sowie im B\u00fcrgerb\u00fcro des Rathauses erh\u00e4ltlich.<\/p>\n<\/div>","protected":false},"author":1,"featured_media":0,"comment_status":"closed","ping_status":"closed","sticky":false,"template":"","format":"standard","meta":{"footnotes":""},"categories":[1,44],"tags":[],"class_list":["post-116001","post","type-post","status-publish","format-standard","hentry","category-startseite","category-kultur"],"_links":{"self":[{"href":"https:\/\/www.fuldaernachrichten.de\/index.php?rest_route=\/wp\/v2\/posts\/116001","targetHints":{"allow":["GET"]}}],"collection":[{"href":"https:\/\/www.fuldaernachrichten.de\/index.php?rest_route=\/wp\/v2\/posts"}],"about":[{"href":"https:\/\/www.fuldaernachrichten.de\/index.php?rest_route=\/wp\/v2\/types\/post"}],"author":[{"embeddable":true,"href":"https:\/\/www.fuldaernachrichten.de\/index.php?rest_route=\/wp\/v2\/users\/1"}],"replies":[{"embeddable":true,"href":"https:\/\/www.fuldaernachrichten.de\/index.php?rest_route=%2Fwp%2Fv2%2Fcomments&post=116001"}],"version-history":[{"count":1,"href":"https:\/\/www.fuldaernachrichten.de\/index.php?rest_route=\/wp\/v2\/posts\/116001\/revisions"}],"predecessor-version":[{"id":116002,"href":"https:\/\/www.fuldaernachrichten.de\/index.php?rest_route=\/wp\/v2\/posts\/116001\/revisions\/116002"}],"wp:attachment":[{"href":"https:\/\/www.fuldaernachrichten.de\/index.php?rest_route=%2Fwp%2Fv2%2Fmedia&parent=116001"}],"wp:term":[{"taxonomy":"category","embeddable":true,"href":"https:\/\/www.fuldaernachrichten.de\/index.php?rest_route=%2Fwp%2Fv2%2Fcategories&post=116001"},{"taxonomy":"post_tag","embeddable":true,"href":"https:\/\/www.fuldaernachrichten.de\/index.php?rest_route=%2Fwp%2Fv2%2Ftags&post=116001"}],"curies":[{"name":"wp","href":"https:\/\/api.w.org\/{rel}","templated":true}]}}