{"id":115998,"date":"2013-10-30T00:10:15","date_gmt":"2013-10-30T00:10:15","guid":{"rendered":"http:\/\/www.fuldaer-nachrichten.de\/?p=115998"},"modified":"2013-10-29T14:10:02","modified_gmt":"2013-10-29T14:10:02","slug":"tegut-ehrt-langjaehrige-mitarbeitende","status":"publish","type":"post","link":"https:\/\/www.fuldaernachrichten.de\/?p=115998","title":{"rendered":"tegut\u00e2\u20ac\u00a6 ehrt langj\u00e4hrige Mitarbeitende"},"content":{"rendered":"<p><a href=\"http:\/\/www.fuldaer-nachrichten.de\/wp-content\/uploads\/2013\/10\/tegut-Jubil\u00e4umsfeier-2013.jpg\"><img fetchpriority=\"high\" decoding=\"async\" class=\"alignnone size-full wp-image-115999\" alt=\"tegut Jubil\u00e4umsfeier 2013\" src=\"http:\/\/www.fuldaer-nachrichten.de\/wp-content\/uploads\/2013\/10\/tegut-Jubil\u00e4umsfeier-2013.jpg\" width=\"560\" height=\"170\" \/><\/a><\/p>\n<p>Fulda. F\u00fcr 25 oder 40 Jahre engagierte Mitarbeit in der tegut&#8230; Arbeitsgemeinschaft dankte die Gesch\u00e4ftsleitung von tegut&#8230; gute Lebensmittel 71 Mitarbeiterinnen und Mitarbeitern aus den Zentralen Diensten in Fulda, den tegut\u00e2\u20ac\u00a6 M\u00e4rkten in Hessen, Th\u00fcringen und Franken und der tegut\u00e2\u20ac\u00a6 Logistik, die im Laufe des Jahres 2013 ihr Arbeitsjubil\u00e4um begingen. Freude an der lebhaften Arbeit im Handel und kontinuierliche Fortbildung sind die wesentlichen Erfolgsgaranten der langj\u00e4hrigen guten Zusammenarbeit. Im Rahmen der festlichen Jubil\u00e4umsfeier am Montag, 28. Oktober, wurden auch 5 tegut\u00e2\u20ac\u00a6 Mitarbeitende, die mehr als 25 Jahre erfolgreich im Unternehmen wirkten, in den Ruhestand verabschiedet.<!--more--><\/p>\n<p><strong>F\u00fcr ihre 40-j\u00e4hrige Mitarbeit wurden geehrt:<\/strong><br \/>\nRoland Deutschl\u00e4nder (tegut\u00e2\u20ac\u00a6 Leitstand), Elke Diehl (tegut\u00e2\u20ac\u00a6 Alsfeld), C\u00e4cilie Gr\u00fcnkorn (tegut\u00e2\u20ac\u00a6 H\u00fcnfeld), Hubert Henkel (tegut\u00e2\u20ac\u00a6 Technik), Beate Johnen (tegut\u00e2\u20ac\u00a6 Fulda, Kaiserwiesen) und Gabriele Mazzuchelly (tegut\u00e2\u20ac\u00a6 Petersberg).<\/p>\n<p><strong>F\u00fcr ihre 25-j\u00e4hrige Mitarbeit wurden geehrt:<\/strong><br \/>\nAus Stadt und Landkreis Fulda:<br \/>\ntegut\u00e2\u20ac\u00a6 Zentrale Dienste: Claudia Becker (Einkauf), Matthias Brunner (Reparaturservice), Corinna Ebert (Zentraleinkauf), Thomas Faulstich (Technisches Geb\u00e4ude Management), Marianne Geis (Empfang), Katja Kremer (Materialbeschaffung), Robert Minkel (Personalabrechnung), Elisabeth Schr\u00f6der (Prozesse), Anita Viner (Finanzbuchhaltung), Andrea Waider (Einkauf), Heike Zickerick (Finanzbuchhaltung).<br \/>\ntegut\u00e2\u20ac\u00a6 Fulda-Kaiserwiesen: Tatjana Engelbreit.<br \/>\ntegut\u00e2\u20ac\u00a6 Logistik: Anja Goldbach, Edgar Hess, Michael Schaub, Thomas B\u00fcttner, Wolfgang Damis, Sandra Hofmann, Stefanie Reith.<br \/>\n<strong>\u00c2\u00a0<\/strong><br \/>\n<strong>Und aus den tegut\u00e2\u20ac\u00a6 M\u00e4rkten der Regionen:<\/strong><br \/>\nHeidi Bergh\u00f6fer (tegut&#8230; Treysa), Manuela Bien (tegut\u00e2\u20ac\u00a6 Bad Kissingen), Gabriele Dechant (tegut\u00e2\u20ac\u00a6 Bad Br\u00fcckenau), Arno Eidt (tegut\u00e2\u20ac\u00a6 Schlitz), Erika Gr\u00fcnstern (tegut\u00e2\u20ac\u00a6 Bad Soden-Salm\u00fcnster), Daniela Kwetkat (tegut\u00e2\u20ac\u00a6 Erfurt), Brigitte Langhirt (tegut&#8230; Karlstadt), Manuela Nuhn (tegut\u00e2\u20ac\u00a6 Bad Hersfeld), Monika Romeis (tegut\u00e2\u20ac\u00a6 Bad Br\u00fcckenau), Sabine Schwetheim, Antonie Stark (beide tegut\u00e2\u20ac\u00a6 Bad Sooden- Allendorf), Michaela Wagner (tegut\u00e2\u20ac\u00a6 Bebra), Petra Betz (tegut\u00e2\u20ac\u00a6 Bad Br\u00fcckenau), Attila Heckelmann (tegut\u00e2\u20ac\u00a6 Bad Vilbel), Heike Maul (tegut\u00e2\u20ac\u00a6 Schl\u00fcchtern), Petra Herwig (tegut\u00e2\u20ac\u00a6 Bad Sooden- Allendorf), B\u00e4rbel Alt (tegut\u00e2\u20ac\u00a6 Lauterbach), Monika Baier (tegut\u00e2\u20ac\u00a6 H\u00fcnfeld), Lydia Best (tegut\u00e2\u20ac\u00a6 Marburg-Wehrda), Rocio Boy (tegut\u00e2\u20ac\u00a6 Kassel), Claudia B\u00fcttner (tegut\u00e2\u20ac\u00a6 Eichenzell), Christiane Eglmeier (tegut\u00e2\u20ac\u00a6 Bad Neustadt), Simone Eichhorn (tegut\u00e2\u20ac\u00a6 Bad Wildungen), Diana Faltus (tegut\u00e2\u20ac\u00a6 Eschwege), Elke Frenzel (tegut\u00e2\u20ac\u00a6 Rotenburg), Anke Frind (tegut\u00e2\u20ac\u00a6 Hofgeismar), Elke Hendler (tegut\u00e2\u20ac\u00a6 Karben), Michaela J\u00e4ger (tegut\u00e2\u20ac\u00a6 Fritzlar), Birgit Johannes, Diana J\u00fcnger (beide tegut\u00e2\u20ac\u00a6 Bad Neustadt), Swantje Klemm (tegut\u00e2\u20ac\u00a6 Meiningen), Diana Kollhoff (tegut\u00e2\u20ac\u00a6 Erfurt), Petra Kurz (tegut\u00e2\u20ac\u00a6 Bad Hersfeld), Carmen Mehler (tegut\u00e2\u20ac\u00a6 Burgsinn), Bettina M\u00fcller (tegut\u00e2\u20ac\u00a6 Bad Hersfeld), Daniela Ortwein, Beate Prochnow (beide tegut\u00e2\u20ac\u00a6 Eschwege), Kerstin Riemann (tegut\u00e2\u20ac\u00a6 Rothenburg), Monika R\u00fchl (tegut\u00e2\u20ac\u00a6 Lauterbach), Claudia Schm\u00f6ckel (tegut\u00e2\u20ac\u00a6 Eschwege), Sabine Sieckmann (tegut\u00e2\u20ac\u00a6 Vellmar), Melanie Stein (tegut\u00e2\u20ac\u00a6 Marburg), Reiner Strauch (tegut\u00e2\u20ac\u00a6 Rotenburg), Mina Susic (tegut\u00e2\u20ac\u00a6 H\u00fcnstetten), Claudia Weber (tegut\u00e2\u20ac\u00a6 Bad Hersfeld) und Ilona Wilhelm (tegut\u00e2\u20ac\u00a6 Marburg).<br \/>\n<strong>\u00c2\u00a0<\/strong><br \/>\n<strong>In den Ruhestand verabschiedet wurden:<\/strong><br \/>\nErhard Will und Manfred Balzer (beide tegut\u00e2\u20ac\u00a6 Logistik), Roland Deutschl\u00e4nder, Sieglinde Dehler, Berthold Link (alle Zentrale Dienste Fulda).<br \/>\n<strong>\u00c2\u00a0<\/strong><br \/>\n<strong>Die tegut\u00e2\u20ac\u00a6 Mitarbeiter-Jubil\u00e4umsfeier und Pension\u00e4rs-Verabschiedung<\/strong><br \/>\nKarl-Heinz Brand, tegut\u00e2\u20ac\u00a6 Personelles, Mitglied der Gesch\u00e4ftsleitung, dankte in seiner Begr\u00fc\u00dfungsrede den Jubilaren f\u00fcr ihre langj\u00e4hrige gute Leistung und das Mitentwickeln von tegut\u00e2\u20ac\u00a6 \u201eDie Jubilare waren und sind feste Pfeiler des Unternehmens tegut\u00e2\u20ac\u00a6 und dienen gerade in einer Phase von vielen Erneuerungen als Vorbild\u201c, so Brand.<\/p>\n<p>W\u00e4hrend des kurzweiligen R\u00fcckblicks in die Unternehmensgeschichte von Harald Bottin, Vorsitzender tegut\u00e2\u20ac\u00a6 Betriebsrat und Karl-Heinz Brand konnten die Jubilare die Entwicklung des Unternehmens und auch ihre eigene berufliche Weiterentwicklung Revue passieren lassen. Harald Bottin beschrieb die tegut\u00e2\u20ac\u00a6 Gemeinschaft mit einem afrikanischen Sprichwort: \u201eWillst du schnell gehen, geh\u00c2\u00b4 allein. Willst du weit gehen, dann gehe gemeinsam.\u201c \u201eDas st\u00e4ndige Geben und Nehmen, gef\u00f6rdert und gefordert werden seien die wichtigen Bausteine f\u00fcr eine lange Betriebszugeh\u00f6rigkeit\u201c, so Bottin.<\/p>\n<p>Thomas Gutberlet, tegut\u00e2\u20ac\u00a6 Gesch\u00e4ftsf\u00fchrer dankte den Jubilaren ebenfalls und gab einen Ausblick in die Zukunft. \u201eMit dem neuen starken Partner Migros Z\u00fcrich wollen wir wachsen.\u201c \u201eDie Leistung des Unternehmens richtet sich immer nach den Bed\u00fcrfnissen der Kunden, daf\u00fcr ist es notwendig, die Entwicklung der Mitarbeitenden nicht aus den Augen zu verlieren. Die pers\u00f6nliche und berufliche Entwicklung der Mitarbeitenden geht immer einher mit dem Erf\u00fcllen der Kundenerwartungen\u201c, so Gutberlet.<\/p>\n<p>Anschlie\u00dfend \u00fcbermittelte Armin Gerbeth, stellvertretender Hauptgesch\u00e4ftsf\u00fchrer der Industrie und Handelskammer Fulda, allen Beteiligten, die Gl\u00fcckw\u00fcnsche der IHK und \u00fcberreichte den Jubilaren gemeinsam mit Thomas Gutberlet und Karl-Heinz Brand Urkunden und Blumen.<\/p>\n<p>Mit einem gut gef\u00fcllten Wanderrucksack wurden die verdienten Mitarbeitenden in den Ruhestand verabschiedet. Verbunden mit einem gro\u00dfen Dankesch\u00f6n f\u00fcr ihr langj\u00e4hriges Engagement und den besten W\u00fcnschen f\u00fcr die Zukunft. Das Programm startete mit einem gemeinsamen Mittagessen und der Gelegenheit sich mit Anekdoten, Erinnerungen und Erfahrungen auszutauschen. Die musikalische Untermalung kam von Dr. Frank Breitenbach (tegut\u00e2\u20ac\u00a6 Leiter Prozessoptimierung) und Benjamin Br\u00e4hler (tegut\u00e2\u20ac\u00a6 Teamleiter Ausbildung).<\/p>\n","protected":false},"excerpt":{"rendered":"<div class=\"tmnf_excerpt\"><p>Fulda. F\u00fcr 25 oder 40 Jahre engagierte Mitarbeit in der tegut&#8230; Arbeitsgemeinschaft dankte die Gesch\u00e4ftsleitung von tegut&#8230; gute Lebensmittel 71 Mitarbeiterinnen und Mitarbeitern aus den Zentralen Diensten in Fulda, den tegut\u00e2\u20ac\u00a6 M\u00e4rkten in Hessen, Th\u00fcringen und Franken und der tegut\u00e2\u20ac\u00a6 Logistik, die im Laufe des Jahres 2013 ihr Arbeitsjubil\u00e4um begingen. Freude an der lebhaften Arbeit &hellip;<\/p>\n<\/div>","protected":false},"author":1,"featured_media":0,"comment_status":"closed","ping_status":"closed","sticky":false,"template":"","format":"standard","meta":{"footnotes":""},"categories":[1,29],"tags":[],"class_list":["post-115998","post","type-post","status-publish","format-standard","hentry","category-startseite","category-politik"],"_links":{"self":[{"href":"https:\/\/www.fuldaernachrichten.de\/index.php?rest_route=\/wp\/v2\/posts\/115998","targetHints":{"allow":["GET"]}}],"collection":[{"href":"https:\/\/www.fuldaernachrichten.de\/index.php?rest_route=\/wp\/v2\/posts"}],"about":[{"href":"https:\/\/www.fuldaernachrichten.de\/index.php?rest_route=\/wp\/v2\/types\/post"}],"author":[{"embeddable":true,"href":"https:\/\/www.fuldaernachrichten.de\/index.php?rest_route=\/wp\/v2\/users\/1"}],"replies":[{"embeddable":true,"href":"https:\/\/www.fuldaernachrichten.de\/index.php?rest_route=%2Fwp%2Fv2%2Fcomments&post=115998"}],"version-history":[{"count":1,"href":"https:\/\/www.fuldaernachrichten.de\/index.php?rest_route=\/wp\/v2\/posts\/115998\/revisions"}],"predecessor-version":[{"id":116000,"href":"https:\/\/www.fuldaernachrichten.de\/index.php?rest_route=\/wp\/v2\/posts\/115998\/revisions\/116000"}],"wp:attachment":[{"href":"https:\/\/www.fuldaernachrichten.de\/index.php?rest_route=%2Fwp%2Fv2%2Fmedia&parent=115998"}],"wp:term":[{"taxonomy":"category","embeddable":true,"href":"https:\/\/www.fuldaernachrichten.de\/index.php?rest_route=%2Fwp%2Fv2%2Fcategories&post=115998"},{"taxonomy":"post_tag","embeddable":true,"href":"https:\/\/www.fuldaernachrichten.de\/index.php?rest_route=%2Fwp%2Fv2%2Ftags&post=115998"}],"curies":[{"name":"wp","href":"https:\/\/api.w.org\/{rel}","templated":true}]}}