{"id":115995,"date":"2013-10-30T00:16:48","date_gmt":"2013-10-30T00:16:48","guid":{"rendered":"http:\/\/www.fuldaer-nachrichten.de\/?p=115995"},"modified":"2013-10-29T14:08:02","modified_gmt":"2013-10-29T14:08:02","slug":"die-landesbuehnen-sachsen-gastieren-mit-die-fledermaus-im-schlosstheater","status":"publish","type":"post","link":"https:\/\/www.fuldaernachrichten.de\/?p=115995","title":{"rendered":"Die Landesb\u00fchnen Sachsen gastieren mit \u201eDie Fledermaus\u201c im Schlosstheater"},"content":{"rendered":"<p><a href=\"http:\/\/www.fuldaer-nachrichten.de\/wp-content\/uploads\/2013\/10\/Die-Fledermaus-2075.jpg\"><img fetchpriority=\"high\" decoding=\"async\" class=\"alignleft size-thumbnail wp-image-115996\" alt=\"Die Fledermaus-2075\" src=\"http:\/\/www.fuldaer-nachrichten.de\/wp-content\/uploads\/2013\/10\/Die-Fledermaus-2075-265x226.jpg\" width=\"265\" height=\"226\" srcset=\"https:\/\/www.fuldaernachrichten.de\/wp-content\/uploads\/2013\/10\/Die-Fledermaus-2075-265x226.jpg 265w, https:\/\/www.fuldaernachrichten.de\/wp-content\/uploads\/2013\/10\/Die-Fledermaus-2075.jpg 600w\" sizes=\"(max-width: 265px) 100vw, 265px\" \/><\/a>Fulda. &#8220;Die Fledermaus\u201c, die K\u00f6nigin der klassischen Operetten, das musikalische Meisterwerk des Walzerk\u00f6nigs Johann Strau\u00df mit seiner unersch\u00f6pflichen F\u00fclle weltbekannter Melodien, h\u00e4lt der vergn\u00fcgungss\u00fcchtigen Gesellschaft des ausgehenden 19. Jahrhunderts einen heiter-ironischen Spiegel vor: Stellvertretend f\u00fcr die leichtlebigen Herren und Damen seines Standes muss Gabriel von Eisenstein erfahren, dass bedenkenloses Am\u00fcsement auf Kosten anderer zu durchaus weniger am\u00fcsanten Situationen f\u00fchren kann. Am Mittwoch, 6. November 2013 wird um 20 Uhr \u201cDie Fledermaus\u201c im Schlosstheater vom Ensemble der Landesb\u00fchnen Sachsen aufgef\u00fchrt. Eintrittskarten sind erh\u00e4ltlich im B\u00fcrgerb\u00fcro, Schlossstr. 1, und im Theaterb\u00fcro, Schlossstr. 5, Telefon: (0661) 102-1483.<\/p>\n","protected":false},"excerpt":{"rendered":"<div class=\"tmnf_excerpt\"><p>Fulda. &#8220;Die Fledermaus\u201c, die K\u00f6nigin der klassischen Operetten, das musikalische Meisterwerk des Walzerk\u00f6nigs Johann Strau\u00df mit seiner unersch\u00f6pflichen F\u00fclle weltbekannter Melodien, h\u00e4lt der vergn\u00fcgungss\u00fcchtigen Gesellschaft des ausgehenden 19. Jahrhunderts einen heiter-ironischen Spiegel vor: Stellvertretend f\u00fcr die leichtlebigen Herren und Damen seines Standes muss Gabriel von Eisenstein erfahren, dass bedenkenloses Am\u00fcsement auf Kosten anderer zu durchaus &hellip;<\/p>\n<\/div>","protected":false},"author":1,"featured_media":0,"comment_status":"closed","ping_status":"closed","sticky":false,"template":"","format":"standard","meta":{"footnotes":""},"categories":[1,44],"tags":[],"class_list":["post-115995","post","type-post","status-publish","format-standard","hentry","category-startseite","category-kultur"],"_links":{"self":[{"href":"https:\/\/www.fuldaernachrichten.de\/index.php?rest_route=\/wp\/v2\/posts\/115995","targetHints":{"allow":["GET"]}}],"collection":[{"href":"https:\/\/www.fuldaernachrichten.de\/index.php?rest_route=\/wp\/v2\/posts"}],"about":[{"href":"https:\/\/www.fuldaernachrichten.de\/index.php?rest_route=\/wp\/v2\/types\/post"}],"author":[{"embeddable":true,"href":"https:\/\/www.fuldaernachrichten.de\/index.php?rest_route=\/wp\/v2\/users\/1"}],"replies":[{"embeddable":true,"href":"https:\/\/www.fuldaernachrichten.de\/index.php?rest_route=%2Fwp%2Fv2%2Fcomments&post=115995"}],"version-history":[{"count":1,"href":"https:\/\/www.fuldaernachrichten.de\/index.php?rest_route=\/wp\/v2\/posts\/115995\/revisions"}],"predecessor-version":[{"id":115997,"href":"https:\/\/www.fuldaernachrichten.de\/index.php?rest_route=\/wp\/v2\/posts\/115995\/revisions\/115997"}],"wp:attachment":[{"href":"https:\/\/www.fuldaernachrichten.de\/index.php?rest_route=%2Fwp%2Fv2%2Fmedia&parent=115995"}],"wp:term":[{"taxonomy":"category","embeddable":true,"href":"https:\/\/www.fuldaernachrichten.de\/index.php?rest_route=%2Fwp%2Fv2%2Fcategories&post=115995"},{"taxonomy":"post_tag","embeddable":true,"href":"https:\/\/www.fuldaernachrichten.de\/index.php?rest_route=%2Fwp%2Fv2%2Ftags&post=115995"}],"curies":[{"name":"wp","href":"https:\/\/api.w.org\/{rel}","templated":true}]}}