{"id":115983,"date":"2013-10-30T00:14:40","date_gmt":"2013-10-30T00:14:40","guid":{"rendered":"http:\/\/www.fuldaer-nachrichten.de\/?p=115983"},"modified":"2013-10-29T14:01:19","modified_gmt":"2013-10-29T14:01:19","slug":"rhoenenergie-fulda-informiert-bei-den-energiesparwochen","status":"publish","type":"post","link":"https:\/\/www.fuldaernachrichten.de\/?p=115983","title":{"rendered":"Rh\u00f6nEnergie Fulda informiert bei den Energiesparwochen"},"content":{"rendered":"<p>Fulda. Die Unternehmensgruppe der Rh\u00f6nEnergie Fulda informiert mit einer Reihe zukunftsweisender Themen im Rahmen der 20. Fuldaer Energiesparwochen. Vier Fachvortr\u00e4ge von Windprojekten, Erdw\u00e4rmenutzung, Energieeffizienter Beleuchtung bis hin zum Mikro-KWK (Kraft-W\u00e4rme-Kopplung) und Brennstoffzellen werden im Informationszentrum der Rh\u00f6nEnergie in der Frankfurter Stra\u00dfe 6 in Fulda angeboten. Am Samstag, 2. November 2013, werden mit dem \u201eAktionstag Energie\u201c die Energiesparwochen am Fuldaer Universit\u00e4tsplatz durch den diesj\u00e4hrigen Schirmherrn, Oberb\u00fcrgermeister Gerhard M\u00f6ller, offiziell er\u00f6ffnet. Am Stand der Rh\u00f6nEnergie informieren Energieberater \u00fcber aktuelle Produkte zum Energie- und Kostensparen im Haushalt.<!--more--><\/p>\n<p><strong>Im Rahmen der Energiesparwochen werden folgende Themen durch einen Fachvortrag vorgestellt:<\/strong><\/p>\n<p>Der erste Vortrag der Rh\u00f6nEnergie Fulda tr\u00e4gt den Titel \u201eWindenergieprojekte der SynEnergie GmbH im Landkreis Fulda\u201c. Dr. Marc Oeffner, Gesch\u00e4ftsf\u00fchrer der SynEnergie GmbH Fulda, berichtet \u00fcber geplante Windkraftanlagen. Der Vortrag findet am Montag, 4. November 2013, um 18 Uhr im Informationszentrum in der Frankfurter Stra\u00dfe statt.<\/p>\n<p>\u201eErdw\u00e4rmenutzung in der Praxis\u201c, so lautet der Titel des zweiten Vortrages, der am Montag, 11. November 2013, um 18 Uhr von der TERRA THERM Erdw\u00e4rme GmbH angeboten wird. Gesch\u00e4ftsf\u00fchrer Dipl.-Geologe J\u00fcrgen Winter berichtet \u00fcber Erdw\u00e4rmenutzung in der Praxis und wie mit dieser Anlagentechnik energieeffizientes Heizen und K\u00fchlen m\u00f6glich ist. Markus Roth von der Firma Vaillant Deutschland GmbH &amp; Co.KG informiert anschlie\u00dfend \u00fcber innovative Techniken im Bereich W\u00e4rmepumpen.<\/p>\n<p>Am Montag, 18. November 2013, berichtet Dipl.-Ing. Christoph Hau von der Rh\u00f6nEnergie Fulda \u00fcber moderne Lichttechnik und stellt effiziente Beleuchtungstechnik f\u00fcr Haushalt und Gewerbe vor. Veranstaltungsbeginn ist um 18 Uhr.<\/p>\n<p>Zum Abschluss der Vortragsreihe im Rahmen der diesj\u00e4hrigen Fuldaer Energiesparwochen berichtet Markus Gailfuss, Gesch\u00e4ftsf\u00fchrer von BHKW-Consult aus Rastatt, \u00fcber das \u201eKraftwerk f\u00fcr Zuhause\u201c. Dabei beleuchtet der Referent die Technik von Mikro-Kraftw\u00e4rmekopplungsanlagen und Brennstoffzellen. Die Veranstaltung findet am Dienstag, 26. November 2013, um 18 Uhr im Informationszentrum der Rh\u00f6nEnergie statt.<\/p>\n<p>Der Eintritt zu allen Veranstaltungen ist frei. Kostenlose Parkpl\u00e4tze befinden sich direkt am Kraftwerk Fulda neben dem Informationszentrum in der Frankfurter Stra\u00dfe. Die Rh\u00f6nEnergie Fulda l\u00e4dt alle Besucher beim Gedankenaustausch zu einem gemeinsamen Imbiss ein.<\/p>\n","protected":false},"excerpt":{"rendered":"<div class=\"tmnf_excerpt\"><p>Fulda. Die Unternehmensgruppe der Rh\u00f6nEnergie Fulda informiert mit einer Reihe zukunftsweisender Themen im Rahmen der 20. Fuldaer Energiesparwochen. Vier Fachvortr\u00e4ge von Windprojekten, Erdw\u00e4rmenutzung, Energieeffizienter Beleuchtung bis hin zum Mikro-KWK (Kraft-W\u00e4rme-Kopplung) und Brennstoffzellen werden im Informationszentrum der Rh\u00f6nEnergie in der Frankfurter Stra\u00dfe 6 in Fulda angeboten. Am Samstag, 2. November 2013, werden mit dem \u201eAktionstag Energie\u201c &hellip;<\/p>\n<\/div>","protected":false},"author":1,"featured_media":0,"comment_status":"closed","ping_status":"closed","sticky":false,"template":"","format":"standard","meta":{"footnotes":""},"categories":[1,29],"tags":[],"class_list":["post-115983","post","type-post","status-publish","format-standard","hentry","category-startseite","category-politik"],"_links":{"self":[{"href":"https:\/\/www.fuldaernachrichten.de\/index.php?rest_route=\/wp\/v2\/posts\/115983","targetHints":{"allow":["GET"]}}],"collection":[{"href":"https:\/\/www.fuldaernachrichten.de\/index.php?rest_route=\/wp\/v2\/posts"}],"about":[{"href":"https:\/\/www.fuldaernachrichten.de\/index.php?rest_route=\/wp\/v2\/types\/post"}],"author":[{"embeddable":true,"href":"https:\/\/www.fuldaernachrichten.de\/index.php?rest_route=\/wp\/v2\/users\/1"}],"replies":[{"embeddable":true,"href":"https:\/\/www.fuldaernachrichten.de\/index.php?rest_route=%2Fwp%2Fv2%2Fcomments&post=115983"}],"version-history":[{"count":1,"href":"https:\/\/www.fuldaernachrichten.de\/index.php?rest_route=\/wp\/v2\/posts\/115983\/revisions"}],"predecessor-version":[{"id":115984,"href":"https:\/\/www.fuldaernachrichten.de\/index.php?rest_route=\/wp\/v2\/posts\/115983\/revisions\/115984"}],"wp:attachment":[{"href":"https:\/\/www.fuldaernachrichten.de\/index.php?rest_route=%2Fwp%2Fv2%2Fmedia&parent=115983"}],"wp:term":[{"taxonomy":"category","embeddable":true,"href":"https:\/\/www.fuldaernachrichten.de\/index.php?rest_route=%2Fwp%2Fv2%2Fcategories&post=115983"},{"taxonomy":"post_tag","embeddable":true,"href":"https:\/\/www.fuldaernachrichten.de\/index.php?rest_route=%2Fwp%2Fv2%2Ftags&post=115983"}],"curies":[{"name":"wp","href":"https:\/\/api.w.org\/{rel}","templated":true}]}}