{"id":115970,"date":"2013-10-30T00:20:15","date_gmt":"2013-10-30T00:20:15","guid":{"rendered":"http:\/\/www.fuldaer-nachrichten.de\/?p=115970"},"modified":"2013-10-29T13:53:44","modified_gmt":"2013-10-29T13:53:44","slug":"vor-75-jahren-wurde-auch-in-fulda-waehrend-der-reichspogromnacht-die-synagoge-zerstoert","status":"publish","type":"post","link":"https:\/\/www.fuldaernachrichten.de\/?p=115970","title":{"rendered":"Vor 75 Jahren wurde auch in Fulda w\u00e4hrend der Reichspogromnacht die Synagoge zerst\u00f6rt"},"content":{"rendered":"<p><a href=\"http:\/\/www.fuldaer-nachrichten.de\/wp-content\/uploads\/2013\/10\/Plakat-Konzert.jpg\"><img fetchpriority=\"high\" decoding=\"async\" class=\"alignleft size-thumbnail wp-image-115971\" alt=\"Plakat Konzert\" src=\"http:\/\/www.fuldaer-nachrichten.de\/wp-content\/uploads\/2013\/10\/Plakat-Konzert-265x374.jpg\" width=\"265\" height=\"374\" srcset=\"https:\/\/www.fuldaernachrichten.de\/wp-content\/uploads\/2013\/10\/Plakat-Konzert-265x374.jpg 265w, https:\/\/www.fuldaernachrichten.de\/wp-content\/uploads\/2013\/10\/Plakat-Konzert-187x265.jpg 187w, https:\/\/www.fuldaernachrichten.de\/wp-content\/uploads\/2013\/10\/Plakat-Konzert-424x600.jpg 424w, https:\/\/www.fuldaernachrichten.de\/wp-content\/uploads\/2013\/10\/Plakat-Konzert.jpg 600w\" sizes=\"(max-width: 265px) 100vw, 265px\" \/><\/a>Fulda. Am 9. November j\u00e4hren sich zum 75 Mal die schrecklichen Ereignisse der Reichspogromnacht, von denen auch die j\u00fcdischen Mitb\u00fcrgerinnen und Mitb\u00fcrger Fuldas nicht verschont blieben. Diesen Tag des Ged\u00e4chtnisses und der Mahnung werden die Gesellschaft f\u00fcr christlich-j\u00fcdische Zusammenarbeit, die Stadt sowie die beiden gro\u00dfen christlichen Kirchen und die j\u00fcdische Gemeinde\u00c2\u00a0 mit einer Gedenkfeier und anschlie\u00dfender Begegnung ab 19 Uhr in der Kapelle des Vonderau Museums sowie dem anschlie\u00dfenden Konzert \u201emir leben ejbik!\u201c mit Danile Kempin und Dimitry Reznik begehen.<!--more--><\/p>\n<p><strong>Synagogenbrand und \u00dcbergriffe<\/strong><\/p>\n<p>Nach kontinuierlichem \u00dcbergriffen des NS-Staates gegen\u00fcber den Juden kulminierte das Geschehen reichsweit in jener Novembernacht des Jahres 1938. In den Nachtstunden vom 9. auf den 10. November steckten Nazis und ihre Sympathisanten die Synagoge der j\u00fcdischen Gemeinde in Brand. Sie wurde v\u00f6llig zerst\u00f6rt. Auch Schaufenster j\u00fcdischer Gesch\u00e4fte und Fensterscheiben von H\u00e4usern j\u00fcdischer Mitb\u00fcrger gingen zu Bruch, erinnert Vereinsvorsitzende Dr. Irena Ostmeyer an die schlimmen Ereignisse jener Nacht, die schlie\u00dflich in der Sch\u00e4ndung des j\u00fcdischen Friedhofs und Gewalt gegen\u00fcber Einzelnen m\u00fcndeten. Juden wurden offen auf der Stra\u00dfe geschlagen. Viele j\u00fcdische M\u00e4nner wurden nach Buchenwald deportiert.<\/p>\n<p>\u201eDie T\u00e4ter und die Opfer von damals sind kaum noch unter uns. An uns ist es, die Erinnerung an die Pogromnacht bewusst wach zu halten, damit sich die Geschichte nie wiederholt\u201c, bekr\u00e4ftigen Ostmeyer und M\u00f6ller in der Ank\u00fcndigung der Veranstaltung. Der Oberb\u00fcrgermeister f\u00fcgt hinzu:\u201cIch bin der Gesellschaft und insbesondere Frau Dr. Ostmeyer dankbar daf\u00fcr, dass sie die diesj\u00e4hrige Gedenkveranstaltung zum 75. Jahrtag auf so eindrucksvolle Weise um die Sch\u00fclerpr\u00e4sentation und das Konzert ind er Kapelle des Vonderau Museums erg\u00e4nzt hat, damit dieser Tag des Gedenkens eine noch tiefergehende W\u00fcrdigung erf\u00e4hrt.\u201c<\/p>\n<p>Die Stadt Fulda, die Gesellschaft f\u00fcr christlich-j\u00fcdische Zusammenarbeit Fulda e.V. und die beiden Kirchen laden deshalb zum Gedenken an die Pogromnacht vom 9. November 1938 ein. Die Gedenkstunde beginnt am Samstag, dem 9.11.2013 um 18.30 Uhr am dem Ort, wo fr\u00fcher die Synagoge stand: Am Stockhaus 2. Ansprachen werden Oberb\u00fcrgermeister Gerhard M\u00f6ller sowie Jugendliche, die an einer Studienreise nach Theresienstadt teilgenommen haben, halten. Bischof Heinz Josef Algermissen, Pfarrer Lange f\u00fcr die evangelische Kirche und der Vorsitzende der J\u00fcdischen Gemeinde Fulda, Roman Melamed, werden\u00c2\u00a0 anschlie\u00dfend Gebete sprechen. Musikalische wird der Chor der J\u00fcdischen Gemeinde die Gedenkveran- staltung umrahmen.<\/p>\n<p><strong>Lesung und Konzert<\/strong><\/p>\n<p>In einer szenischen Lesung von Sch\u00fclerinnen und Sch\u00fclern der Freiherr-vom-Stein-Schule nach einer Textvorlage von Dr. Michael Imhof (Verein Zukunft Bildung) sollen die Ereignisse der Reichspogromnacht in Fulda in Erinnerung gerufen werden. Dabei kommen auch\u00c2\u00a0 j\u00fcdische Zeitzeugen zu Wort, die das Novemberpogrom in Fulda als Kinder und Jugendliche erlebt haben. Staatliche und lokale beh\u00f6rdliche Schreiben und Stellungnahmen machen die zahlreiche Mitt\u00e4terschaft an den m\u00f6rderischen Verbrechen gegen\u00fcber den j\u00fcdischen Mitb\u00fcrgern und dem Judentum in der Region Fulda deutlich. Das Konzert mit den beiden K\u00fcnstlern Daniel Kempin und\u00c2\u00a0 Dimitry Reznik utner dem Titel \u201emir leben ejbik!\u201c schlie\u00dft sich unmittelbar um 20 Uhr an. Der Eintritt zu dieser Veranstaltung ist \u00fcbrigens kostenlos.<\/p>\n","protected":false},"excerpt":{"rendered":"<div class=\"tmnf_excerpt\"><p>Fulda. Am 9. November j\u00e4hren sich zum 75 Mal die schrecklichen Ereignisse der Reichspogromnacht, von denen auch die j\u00fcdischen Mitb\u00fcrgerinnen und Mitb\u00fcrger Fuldas nicht verschont blieben. Diesen Tag des Ged\u00e4chtnisses und der Mahnung werden die Gesellschaft f\u00fcr christlich-j\u00fcdische Zusammenarbeit, die Stadt sowie die beiden gro\u00dfen christlichen Kirchen und die j\u00fcdische Gemeinde\u00c2\u00a0 mit einer Gedenkfeier und &hellip;<\/p>\n<\/div>","protected":false},"author":1,"featured_media":0,"comment_status":"closed","ping_status":"closed","sticky":false,"template":"","format":"standard","meta":{"footnotes":""},"categories":[1,29],"tags":[],"class_list":["post-115970","post","type-post","status-publish","format-standard","hentry","category-startseite","category-politik"],"_links":{"self":[{"href":"https:\/\/www.fuldaernachrichten.de\/index.php?rest_route=\/wp\/v2\/posts\/115970","targetHints":{"allow":["GET"]}}],"collection":[{"href":"https:\/\/www.fuldaernachrichten.de\/index.php?rest_route=\/wp\/v2\/posts"}],"about":[{"href":"https:\/\/www.fuldaernachrichten.de\/index.php?rest_route=\/wp\/v2\/types\/post"}],"author":[{"embeddable":true,"href":"https:\/\/www.fuldaernachrichten.de\/index.php?rest_route=\/wp\/v2\/users\/1"}],"replies":[{"embeddable":true,"href":"https:\/\/www.fuldaernachrichten.de\/index.php?rest_route=%2Fwp%2Fv2%2Fcomments&post=115970"}],"version-history":[{"count":1,"href":"https:\/\/www.fuldaernachrichten.de\/index.php?rest_route=\/wp\/v2\/posts\/115970\/revisions"}],"predecessor-version":[{"id":115972,"href":"https:\/\/www.fuldaernachrichten.de\/index.php?rest_route=\/wp\/v2\/posts\/115970\/revisions\/115972"}],"wp:attachment":[{"href":"https:\/\/www.fuldaernachrichten.de\/index.php?rest_route=%2Fwp%2Fv2%2Fmedia&parent=115970"}],"wp:term":[{"taxonomy":"category","embeddable":true,"href":"https:\/\/www.fuldaernachrichten.de\/index.php?rest_route=%2Fwp%2Fv2%2Fcategories&post=115970"},{"taxonomy":"post_tag","embeddable":true,"href":"https:\/\/www.fuldaernachrichten.de\/index.php?rest_route=%2Fwp%2Fv2%2Ftags&post=115970"}],"curies":[{"name":"wp","href":"https:\/\/api.w.org\/{rel}","templated":true}]}}