{"id":115961,"date":"2013-10-29T00:17:19","date_gmt":"2013-10-29T00:17:19","guid":{"rendered":"http:\/\/www.fuldaer-nachrichten.de\/?p=115961"},"modified":"2013-10-28T16:02:18","modified_gmt":"2013-10-28T16:02:18","slug":"tag-der-offenen-tuer-bei-den-tanz-freunden-fulda","status":"publish","type":"post","link":"https:\/\/www.fuldaernachrichten.de\/?p=115961","title":{"rendered":"Tag der offenen T\u00fcr bei den Tanz-Freunden Fulda"},"content":{"rendered":"<p><a href=\"http:\/\/www.fuldaer-nachrichten.de\/wp-content\/uploads\/2013\/10\/DSC06906.jpg\"><img decoding=\"async\" class=\"alignleft size-thumbnail wp-image-115962\" alt=\"DSC06906\" src=\"http:\/\/www.fuldaer-nachrichten.de\/wp-content\/uploads\/2013\/10\/DSC06906-265x160.jpg\" width=\"265\" height=\"160\" srcset=\"https:\/\/www.fuldaernachrichten.de\/wp-content\/uploads\/2013\/10\/DSC06906-265x160.jpg 265w, https:\/\/www.fuldaernachrichten.de\/wp-content\/uploads\/2013\/10\/DSC06906.jpg 600w\" sizes=\"(max-width: 265px) 100vw, 265px\" \/><\/a>Fulda (brg) Im Rahmen des bundesweiten \u201eTag des Tanzens\u201c 2013 veranstalten die Tanz-Freunde Fulda am Sonntag den 03.11.2013 von 15.00 Uhr bis 19.00 Uhr in der Aula der Freiherr-vom-Stein-Schule einen \u201eTag der offenen T\u00fcr\u201c \u2013 nach dem Motto \u201eTanzen in Deutschland macht gute Laune\u201c.<!--more--><\/p>\n<p>Die Tanz-Freunde Fulda zeigen einen abwechslungsreichen Querschnitt durch die gesamte Palette des Vereins. Mitglieder aus den \u00dcbungsgruppen Fulda und H\u00fcnfeld, von den Anf\u00e4ngern bis zu den Fortgeschrittenen, werden kleine Kostproben ihres t\u00e4nzerischen K\u00f6nnens zeigen.<\/p>\n<p>Im Mittelpunkt des Geschehens stehen jedoch die G\u00e4ste. Alle, ob Gro\u00df oder Klein, die Spa\u00df an der Bewegung und am Tanzen haben, k\u00f6nnen in lockerer Atmosph\u00e4re unter sachkundiger Anleitung kleine Schrittkombinationen in einigen Standard- und Latein-T\u00e4nzen erlernen und zu passender Musik gleich selbst ausprobieren. F\u00fcr das leibliche Wohl ist bei so viel t\u00e4nzerischen Aktivit\u00e4ten nat\u00fcrlich ebenfalls bestens gesorgt!<\/p>\n<p>Kommen Sie vorbei, schauen Sie zu und machen Sie mit! Es stehen Ihnen an diesem Tag zahlreiche Ansprechpartner zur Verf\u00fcgung, die Sie \u00fcber das Angebot rund um den Verein und den Tanzsport informieren. Weiter Infos finden Sie auch im Internet unter <a href=\"http:\/\/www.tanz-freunde-fulda.de\">www.tanz-freunde-fulda.de<\/a><\/p>\n<p>Der Eintritt zu allen Veranstaltungen diese Nachmittages ist selbstverst\u00e4ndlich frei.<\/p>\n","protected":false},"excerpt":{"rendered":"<div class=\"tmnf_excerpt\"><p>Fulda (brg) Im Rahmen des bundesweiten \u201eTag des Tanzens\u201c 2013 veranstalten die Tanz-Freunde Fulda am Sonntag den 03.11.2013 von 15.00 Uhr bis 19.00 Uhr in der Aula der Freiherr-vom-Stein-Schule einen \u201eTag der offenen T\u00fcr\u201c \u2013 nach dem Motto \u201eTanzen in Deutschland macht gute Laune\u201c.<\/p>\n<\/div>","protected":false},"author":1,"featured_media":0,"comment_status":"closed","ping_status":"closed","sticky":false,"template":"","format":"standard","meta":{"footnotes":""},"categories":[1,46],"tags":[],"class_list":["post-115961","post","type-post","status-publish","format-standard","hentry","category-startseite","category-sport"],"_links":{"self":[{"href":"https:\/\/www.fuldaernachrichten.de\/index.php?rest_route=\/wp\/v2\/posts\/115961","targetHints":{"allow":["GET"]}}],"collection":[{"href":"https:\/\/www.fuldaernachrichten.de\/index.php?rest_route=\/wp\/v2\/posts"}],"about":[{"href":"https:\/\/www.fuldaernachrichten.de\/index.php?rest_route=\/wp\/v2\/types\/post"}],"author":[{"embeddable":true,"href":"https:\/\/www.fuldaernachrichten.de\/index.php?rest_route=\/wp\/v2\/users\/1"}],"replies":[{"embeddable":true,"href":"https:\/\/www.fuldaernachrichten.de\/index.php?rest_route=%2Fwp%2Fv2%2Fcomments&post=115961"}],"version-history":[{"count":1,"href":"https:\/\/www.fuldaernachrichten.de\/index.php?rest_route=\/wp\/v2\/posts\/115961\/revisions"}],"predecessor-version":[{"id":115963,"href":"https:\/\/www.fuldaernachrichten.de\/index.php?rest_route=\/wp\/v2\/posts\/115961\/revisions\/115963"}],"wp:attachment":[{"href":"https:\/\/www.fuldaernachrichten.de\/index.php?rest_route=%2Fwp%2Fv2%2Fmedia&parent=115961"}],"wp:term":[{"taxonomy":"category","embeddable":true,"href":"https:\/\/www.fuldaernachrichten.de\/index.php?rest_route=%2Fwp%2Fv2%2Fcategories&post=115961"},{"taxonomy":"post_tag","embeddable":true,"href":"https:\/\/www.fuldaernachrichten.de\/index.php?rest_route=%2Fwp%2Fv2%2Ftags&post=115961"}],"curies":[{"name":"wp","href":"https:\/\/api.w.org\/{rel}","templated":true}]}}