{"id":115943,"date":"2013-10-29T00:12:33","date_gmt":"2013-10-29T00:12:33","guid":{"rendered":"http:\/\/www.fuldaer-nachrichten.de\/?p=115943"},"modified":"2013-10-28T15:50:31","modified_gmt":"2013-10-28T15:50:31","slug":"rhetorik-und-kommunikationstraining-des-jugendbildungswerks-fuer-15-bis-18jaehrige","status":"publish","type":"post","link":"https:\/\/www.fuldaernachrichten.de\/?p=115943","title":{"rendered":"Rhetorik- und Kommunikationstraining des Jugendbildungswerks f\u00fcr 15- bis 18J\u00e4hrige"},"content":{"rendered":"<p>Fulda. Das Jugendbildungswerk des Landkreises Fulda f\u00fchrt am 1. und 2. November im Georg-Stieler-Haus in Fulda ein Rhetorik- und Kommunikationstraining f\u00fcr 15- bis 18-j\u00e4hrige durch, f\u00fcr das noch einige Pl\u00e4tze frei sind. Die Teilnahmegeb\u00fchr betr\u00e4gt 19 Euro. Info und Anmeldung unter Telefon (0661)6006-498, E-Mail <a href=\"mailto:jugend@landkreis-fulda.de.%20Online-Anmeldungen\">jugend@landkreis-fulda.de. Online-Anmeldungen<\/a> unter <a href=\"http:\/\/www.landkreis-fulda.de\">www.landkreis-fulda.de<\/a><\/p>\n","protected":false},"excerpt":{"rendered":"<div class=\"tmnf_excerpt\"><p>Fulda. Das Jugendbildungswerk des Landkreises Fulda f\u00fchrt am 1. und 2. November im Georg-Stieler-Haus in Fulda ein Rhetorik- und Kommunikationstraining f\u00fcr 15- bis 18-j\u00e4hrige durch, f\u00fcr das noch einige Pl\u00e4tze frei sind. Die Teilnahmegeb\u00fchr betr\u00e4gt 19 Euro. Info und Anmeldung unter Telefon (0661)6006-498, E-Mail jugend@landkreis-fulda.de. Online-Anmeldungen unter www.landkreis-fulda.de<\/p>\n<\/div>","protected":false},"author":1,"featured_media":0,"comment_status":"closed","ping_status":"closed","sticky":false,"template":"","format":"standard","meta":{"footnotes":""},"categories":[1,53],"tags":[],"class_list":["post-115943","post","type-post","status-publish","format-standard","hentry","category-startseite","category-bildung"],"_links":{"self":[{"href":"https:\/\/www.fuldaernachrichten.de\/index.php?rest_route=\/wp\/v2\/posts\/115943","targetHints":{"allow":["GET"]}}],"collection":[{"href":"https:\/\/www.fuldaernachrichten.de\/index.php?rest_route=\/wp\/v2\/posts"}],"about":[{"href":"https:\/\/www.fuldaernachrichten.de\/index.php?rest_route=\/wp\/v2\/types\/post"}],"author":[{"embeddable":true,"href":"https:\/\/www.fuldaernachrichten.de\/index.php?rest_route=\/wp\/v2\/users\/1"}],"replies":[{"embeddable":true,"href":"https:\/\/www.fuldaernachrichten.de\/index.php?rest_route=%2Fwp%2Fv2%2Fcomments&post=115943"}],"version-history":[{"count":1,"href":"https:\/\/www.fuldaernachrichten.de\/index.php?rest_route=\/wp\/v2\/posts\/115943\/revisions"}],"predecessor-version":[{"id":115944,"href":"https:\/\/www.fuldaernachrichten.de\/index.php?rest_route=\/wp\/v2\/posts\/115943\/revisions\/115944"}],"wp:attachment":[{"href":"https:\/\/www.fuldaernachrichten.de\/index.php?rest_route=%2Fwp%2Fv2%2Fmedia&parent=115943"}],"wp:term":[{"taxonomy":"category","embeddable":true,"href":"https:\/\/www.fuldaernachrichten.de\/index.php?rest_route=%2Fwp%2Fv2%2Fcategories&post=115943"},{"taxonomy":"post_tag","embeddable":true,"href":"https:\/\/www.fuldaernachrichten.de\/index.php?rest_route=%2Fwp%2Fv2%2Ftags&post=115943"}],"curies":[{"name":"wp","href":"https:\/\/api.w.org\/{rel}","templated":true}]}}