{"id":115931,"date":"2013-10-29T00:14:32","date_gmt":"2013-10-29T00:14:32","guid":{"rendered":"http:\/\/www.fuldaer-nachrichten.de\/?p=115931"},"modified":"2013-10-28T14:26:19","modified_gmt":"2013-10-28T14:26:19","slug":"sieg-zum-saisonabschluss-fuer-gassner-jr","status":"publish","type":"post","link":"https:\/\/www.fuldaernachrichten.de\/?p=115931","title":{"rendered":"Sieg zum Saisonabschluss f\u00fcr Gassner jr."},"content":{"rendered":"<p><a href=\"http:\/\/www.fuldaer-nachrichten.de\/wp-content\/uploads\/2013\/10\/GassnerJr_1113_RBHahn.jpg\"><img decoding=\"async\" class=\"alignleft size-thumbnail wp-image-115932\" alt=\"GassnerJr_1113_RBHahn\" src=\"http:\/\/www.fuldaer-nachrichten.de\/wp-content\/uploads\/2013\/10\/GassnerJr_1113_RBHahn-265x176.jpg\" width=\"265\" height=\"176\" srcset=\"https:\/\/www.fuldaernachrichten.de\/wp-content\/uploads\/2013\/10\/GassnerJr_1113_RBHahn-265x176.jpg 265w, https:\/\/www.fuldaernachrichten.de\/wp-content\/uploads\/2013\/10\/GassnerJr_1113_RBHahn.jpg 600w\" sizes=\"(max-width: 265px) 100vw, 265px\" \/><\/a>Bad F\u00fcssing. Am vergangenen Wochenende wurde die 50. ADAC 3-St\u00e4dte-Rallye im Raum Bad F\u00fcssing ausgetragen. Die 265km lange Veranstaltung\u00c2\u00a0 war f\u00fcr das Team Gassner jr.\/Mayrhofer der letzte Einsatz in der Saison\u00c2\u00a0 2013. Erstmals wurde der Mitsubishi Evo VIII, Gr. H,\u00c2\u00a0 aus dem Hause Gassner-Motorsport an den Start gebracht.<!--more--><\/p>\n<p>Am Freitagabend wurden die ersten beiden Wertungspr\u00fcfungen gestartet. Bei Dunkelheit begann das junge Team die Rallye eher vorsichtig, da es vorranging galt sich an das Auto zu gew\u00f6hnen und einige Abstimmungen am Fahrwerk vorzunehmen. Trotzdem konnte man sich eine Bestzeit und den zweiten Zwischenrang notieren lassen. Gassner jr. im Schlussservice: \u201eDie ersten beiden Pr\u00fcfungen waren recht interessant, vor allem, da ich nicht wirklich absch\u00e4tzen konnte wie sich das Auto auf den WP\u00e2\u20ac\u2122s verhalten wird. Aber wir k\u00f6nnen uns mit ruhigem Gewissen in die Nachtruhe begeben. Morgen startet die Rallye erst richtig und wir werden versuchen uns den Gesamtsieg zu holen!\u201c<\/p>\n<p>Bei sch\u00f6nstem Herbstwetter am n\u00e4chsten Morgen lie\u00df das deutsch\/\u00f6sterreichische Duo den Evo dann \u00fcber die schnellen und anspruchsvollen Strecken fliegen und konnte alle Bestzeiten des zweiten Tages erzielen.<\/p>\n<p><a href=\"http:\/\/www.fuldaer-nachrichten.de\/wp-content\/uploads\/2013\/10\/GassnerJr_1113_MarcoMayrhofer.jpg\"><img decoding=\"async\" class=\"alignleft size-thumbnail wp-image-115933\" alt=\"GassnerJr_1113_MarcoMayrhofer\" src=\"http:\/\/www.fuldaer-nachrichten.de\/wp-content\/uploads\/2013\/10\/GassnerJr_1113_MarcoMayrhofer-265x176.jpg\" width=\"265\" height=\"176\" srcset=\"https:\/\/www.fuldaernachrichten.de\/wp-content\/uploads\/2013\/10\/GassnerJr_1113_MarcoMayrhofer-265x176.jpg 265w, https:\/\/www.fuldaernachrichten.de\/wp-content\/uploads\/2013\/10\/GassnerJr_1113_MarcoMayrhofer.jpg 600w\" sizes=\"(max-width: 265px) 100vw, 265px\" \/><\/a>\u201eWir haben einmal mehr bewiesen, dass wir schnell und konstant unterwegs sind. Es ist ein super Gef\u00fchl neun Bestzeiten von gesamt zehn WP\u00e2\u20ac\u2122s auf unserem Konto verzeichnen zu k\u00f6nnen und mit einem Respektabstand von \u00fcber einer Minute die Rallye zu beenden. Das ist ein wundersch\u00f6ner Saisonabschluss. Ich m\u00f6chte mich recht herzlich bei Hermann f\u00fcr die tolle Erfahrung bedanken.\u201c, erz\u00e4hlt Copilotin Ursula Mayrhofer<\/p>\n<p>Hermann jr.: \u201eIch konnte in Zusammenarbeit mit unseren Mechanikern das Auto sehr gut auf meine Bed\u00fcrfnisse abstimmen und mich rasch auf den Evo VIII umstellen. Sie haben wie immer einen super Job gemacht und hatten mit neun \u2013 von Gassner Motorsport eingesetzten Autos \u2013 alle H\u00e4nde voll zu tun. Es freut mich riesig den Gesamtsieg vor meinem Vater mit nach Hause zu nehmen.\u201c F\u00fcr das Team gab es noch einiges mehr zu feiern. So gewann Vater Hermann die ADAC Rallye Masters und den Mitropa Rallye Cup und Florian Stix beendete die Rallye Masters auf dem hervorragendem zweiten Gesamtrang.<\/p>\n<p>Beim Team Gassner jr. \/ Mayrhofer wird bereits fieberhaft an der Saison 2014 gearbeitet. \u201eIch w\u00fcrde gern wieder eine internationale Meisterschaft fahren. Das Zeug dazu haben wir und jetzt hoffe ich, dass die folgenden Sponsorengespr\u00e4che gut laufen.\u201c, so Hermann.<\/p>\n","protected":false},"excerpt":{"rendered":"<div class=\"tmnf_excerpt\"><p>Bad F\u00fcssing. Am vergangenen Wochenende wurde die 50. ADAC 3-St\u00e4dte-Rallye im Raum Bad F\u00fcssing ausgetragen. Die 265km lange Veranstaltung\u00c2\u00a0 war f\u00fcr das Team Gassner jr.\/Mayrhofer der letzte Einsatz in der Saison\u00c2\u00a0 2013. Erstmals wurde der Mitsubishi Evo VIII, Gr. H,\u00c2\u00a0 aus dem Hause Gassner-Motorsport an den Start gebracht.<\/p>\n<\/div>","protected":false},"author":1,"featured_media":0,"comment_status":"closed","ping_status":"closed","sticky":false,"template":"","format":"standard","meta":{"footnotes":""},"categories":[1,35],"tags":[],"class_list":["post-115931","post","type-post","status-publish","format-standard","hentry","category-startseite","category-auto"],"_links":{"self":[{"href":"https:\/\/www.fuldaernachrichten.de\/index.php?rest_route=\/wp\/v2\/posts\/115931","targetHints":{"allow":["GET"]}}],"collection":[{"href":"https:\/\/www.fuldaernachrichten.de\/index.php?rest_route=\/wp\/v2\/posts"}],"about":[{"href":"https:\/\/www.fuldaernachrichten.de\/index.php?rest_route=\/wp\/v2\/types\/post"}],"author":[{"embeddable":true,"href":"https:\/\/www.fuldaernachrichten.de\/index.php?rest_route=\/wp\/v2\/users\/1"}],"replies":[{"embeddable":true,"href":"https:\/\/www.fuldaernachrichten.de\/index.php?rest_route=%2Fwp%2Fv2%2Fcomments&post=115931"}],"version-history":[{"count":1,"href":"https:\/\/www.fuldaernachrichten.de\/index.php?rest_route=\/wp\/v2\/posts\/115931\/revisions"}],"predecessor-version":[{"id":115934,"href":"https:\/\/www.fuldaernachrichten.de\/index.php?rest_route=\/wp\/v2\/posts\/115931\/revisions\/115934"}],"wp:attachment":[{"href":"https:\/\/www.fuldaernachrichten.de\/index.php?rest_route=%2Fwp%2Fv2%2Fmedia&parent=115931"}],"wp:term":[{"taxonomy":"category","embeddable":true,"href":"https:\/\/www.fuldaernachrichten.de\/index.php?rest_route=%2Fwp%2Fv2%2Fcategories&post=115931"},{"taxonomy":"post_tag","embeddable":true,"href":"https:\/\/www.fuldaernachrichten.de\/index.php?rest_route=%2Fwp%2Fv2%2Ftags&post=115931"}],"curies":[{"name":"wp","href":"https:\/\/api.w.org\/{rel}","templated":true}]}}