{"id":115921,"date":"2013-10-29T00:11:43","date_gmt":"2013-10-29T00:11:43","guid":{"rendered":"http:\/\/www.fuldaer-nachrichten.de\/?p=115921"},"modified":"2013-10-28T15:56:25","modified_gmt":"2013-10-28T15:56:25","slug":"komoedie-ziemlich-beste-freunde-im-antoniusheim-fulda","status":"publish","type":"post","link":"https:\/\/www.fuldaernachrichten.de\/?p=115921","title":{"rendered":"Kom\u00f6die \u201eZiemlich Beste Freunde&#8221; im Antoniusheim Fulda"},"content":{"rendered":"<p><a href=\"http:\/\/www.fuldaer-nachrichten.de\/wp-content\/uploads\/2013\/10\/Ziemlich-beste-Freunde.jpg\"><img fetchpriority=\"high\" decoding=\"async\" class=\"alignleft size-thumbnail wp-image-115953\" alt=\"Ziemlich-beste-Freunde\" src=\"http:\/\/www.fuldaer-nachrichten.de\/wp-content\/uploads\/2013\/10\/Ziemlich-beste-Freunde-265x197.jpg\" width=\"265\" height=\"197\" srcset=\"https:\/\/www.fuldaernachrichten.de\/wp-content\/uploads\/2013\/10\/Ziemlich-beste-Freunde-265x197.jpg 265w, https:\/\/www.fuldaernachrichten.de\/wp-content\/uploads\/2013\/10\/Ziemlich-beste-Freunde.jpg 600w\" sizes=\"(max-width: 265px) 100vw, 265px\" \/><\/a>Fulda. Das neue \u201eKINO in der Festscheune des Antoniusheims\u201c in\u00c2\u00a0 Fulda (An St. Kathrin 4) pr\u00e4sentiert am Freitag, dem 8. November und Samstag, dem 9. November 2013, jeweils ab 20 Uhr (Einlass jeweils ab 19:30 Uhr) die wundersch\u00f6ne franz\u00f6sische Kom\u00f6die ZIEMLICH BESTE FREUNDE. Die Festscheune befindet sich 50 Meter rechts neben dem Antonius-Laden Fulda. Parkpl\u00e4tze sind vorhanden. Veranstalter ist Thomas Bayer. Das Ganze mit freundlicher Unterst\u00fctzung des Antoniusheims Fulda.\u00c2\u00a0 <!--more--><\/p>\n<p><b>ZIEMLICH BESTE FREUNDE<\/b><\/p>\n<p>Inhalt: Driss (Omar Sy) ist arbeitslos und hat zudem eine kriminelle Vergangenheit. Eigentlich wollte er sich beim Vorstellungsgespr\u00e4ch in einer Pariser Villa nur eine Best\u00e4tigung f\u00fcr das Arbeitsamt abholen, doch es kommt anders. Der von Hals an abw\u00e4rts gel\u00e4hmte Philippe (Francois Cluzet) engagiert den jungen Mann als Pfleger weil \u201eer kein Mitleid hat\u201c. Fortan erleben sie allerlei verr\u00fcckte Dinge. Driss ist vorlaut und respektlos und\u00c2\u00a0 trotzdem verbindet beide nach kurzem eine tiefe Freundschaft.<\/p>\n<p>\u00dcber 9 Mio. Deutsche und \u00fcber 15 Mio Franzosen haben diesen au\u00dfergew\u00f6hnlichen Film bereits gesehen. Eine wundervolle Kom\u00f6die! Gute Laune garantiert. Noch bis Mai 2014 zeigt die Kinoreihe immer an 2 Tagen pro Monat au\u00dfergew\u00f6hnliche Filme auf Leinwand. Es werden nat\u00fcrlich auch wundervolle Kom\u00f6dien \u00fcber Menschen mit Handicap gezeigt wie ZIEMLICH BESTE FREUNDE und im Februar ein Oscar-nominierter Film mit Helen Hunt.<\/p>\n<p>Zudem wird zu den Filmen meistens ein filmisches Rahmenprogramm wie der Jakobswegsbericht von Peter Emden Weinert (Januar 2014) oder der Auftritt der \u201eAnthony\u00c2\u00b4s Gospel Singers\u201c aus M\u00fcs (M\u00e4rz 2014) geboten. Der n\u00e4chste Film ist die Kom\u00f6die \u201eSushi in Suhl\u201c im Dezember. Tickets f\u00fcr die Kino &#8211; Veranstaltungen gibt es im VVK f\u00fcr 6 \u00e2\u201a\u00ac im Antonius &#8211; Laden Fulda und in den Gesch\u00e4ftstellen der Fuldaer Zeitung in Fulda (Peterstor und Frankfurter Stra\u00dfe).<\/p>\n<p>An der Abendkasse kosten die Karten 7 \u00e2\u201a\u00ac (Abendkasse erm\u00e4\u00dfigt f\u00fcr Sch\u00fcler und Studenten 6,50 \u00e2\u201a\u00ac). Infos zu den Kinoveranstaltungen gibt es auch unter Tel. 0661 \/ 1097-480 und Tel. 0 66 58 \/ 91 86 03. Die farbigen Programme mit allen Filmen und Informationen liegen ab sofort bei allen Tourist-Infos bzw. Gemeinden im Landkreis Fulda und Vogelsberg aus. (Text von Thomas Bayer)<\/p>\n<p>&nbsp;<\/p>\n","protected":false},"excerpt":{"rendered":"<div class=\"tmnf_excerpt\"><p>Fulda. Das neue \u201eKINO in der Festscheune des Antoniusheims\u201c in\u00c2\u00a0 Fulda (An St. Kathrin 4) pr\u00e4sentiert am Freitag, dem 8. November und Samstag, dem 9. November 2013, jeweils ab 20 Uhr (Einlass jeweils ab 19:30 Uhr) die wundersch\u00f6ne franz\u00f6sische Kom\u00f6die ZIEMLICH BESTE FREUNDE. Die Festscheune befindet sich 50 Meter rechts neben dem Antonius-Laden Fulda. Parkpl\u00e4tze &hellip;<\/p>\n<\/div>","protected":false},"author":1,"featured_media":0,"comment_status":"closed","ping_status":"closed","sticky":false,"template":"","format":"standard","meta":{"footnotes":""},"categories":[1,44],"tags":[],"class_list":["post-115921","post","type-post","status-publish","format-standard","hentry","category-startseite","category-kultur"],"_links":{"self":[{"href":"https:\/\/www.fuldaernachrichten.de\/index.php?rest_route=\/wp\/v2\/posts\/115921","targetHints":{"allow":["GET"]}}],"collection":[{"href":"https:\/\/www.fuldaernachrichten.de\/index.php?rest_route=\/wp\/v2\/posts"}],"about":[{"href":"https:\/\/www.fuldaernachrichten.de\/index.php?rest_route=\/wp\/v2\/types\/post"}],"author":[{"embeddable":true,"href":"https:\/\/www.fuldaernachrichten.de\/index.php?rest_route=\/wp\/v2\/users\/1"}],"replies":[{"embeddable":true,"href":"https:\/\/www.fuldaernachrichten.de\/index.php?rest_route=%2Fwp%2Fv2%2Fcomments&post=115921"}],"version-history":[{"count":3,"href":"https:\/\/www.fuldaernachrichten.de\/index.php?rest_route=\/wp\/v2\/posts\/115921\/revisions"}],"predecessor-version":[{"id":115955,"href":"https:\/\/www.fuldaernachrichten.de\/index.php?rest_route=\/wp\/v2\/posts\/115921\/revisions\/115955"}],"wp:attachment":[{"href":"https:\/\/www.fuldaernachrichten.de\/index.php?rest_route=%2Fwp%2Fv2%2Fmedia&parent=115921"}],"wp:term":[{"taxonomy":"category","embeddable":true,"href":"https:\/\/www.fuldaernachrichten.de\/index.php?rest_route=%2Fwp%2Fv2%2Fcategories&post=115921"},{"taxonomy":"post_tag","embeddable":true,"href":"https:\/\/www.fuldaernachrichten.de\/index.php?rest_route=%2Fwp%2Fv2%2Ftags&post=115921"}],"curies":[{"name":"wp","href":"https:\/\/api.w.org\/{rel}","templated":true}]}}