{"id":115913,"date":"2013-10-28T00:05:11","date_gmt":"2013-10-28T00:05:11","guid":{"rendered":"http:\/\/www.fuldaer-nachrichten.de\/?p=115913"},"modified":"2013-12-03T12:46:36","modified_gmt":"2013-12-03T12:46:36","slug":"in-kleinen-schritten-ganz-nach-oben-anja-kimpel-lockt-ihre-patienten-beim-therapeutischen-klettern-aus-der-reserve","status":"publish","type":"post","link":"https:\/\/www.fuldaernachrichten.de\/?p=115913","title":{"rendered":"In kleinen Schritten ganz nach oben &#8211; Anja Kimpel lockt ihre Patienten beim therapeutischen Klettern aus der Reserve"},"content":{"rendered":"<p><a href=\"http:\/\/www.fuldaer-nachrichten.de\/wp-content\/uploads\/2013\/10\/DSC_4367.jpg\"><img fetchpriority=\"high\" decoding=\"async\" class=\"alignnone size-full wp-image-115908\" alt=\"DSC_4367\" src=\"http:\/\/www.fuldaer-nachrichten.de\/wp-content\/uploads\/2013\/10\/DSC_4367.jpg\" width=\"560\" height=\"359\" \/><\/a><\/p>\n<p>Fulda. Paul strahlt \u00fcber das ganze Gesicht. Er ist oben angekommen, hat die Kletterwand bezwungen, obwohl Konzentration und Kondition heute nicht optimal waren. Der Zehnj\u00e4hrige ist richtig stolz auf sich und darf noch einen kurzen Moment sechs Meter \u00fcber dem Boden schweben, durchatmen und Kraft f\u00fcr den Abstieg tanken. Anja Kimpel, die Paul gut gesichert hat, freut sich mit ihrem jungen Patienten. &#8220;Gut gemacht!&#8221;, lobt sie Paul und fordert ihn auf, sich in den Gurt zu setzen und noch ein wenig zu verschnaufen.<\/p>\n<p>Fotos: Max Colin Heydenreich<!--more--><\/p>\n<p><a href=\"http:\/\/www.fuldaer-nachrichten.de\/wp-content\/uploads\/2013\/10\/DSC_4358-e1382947382882.jpg\"><img decoding=\"async\" class=\"alignleft size-thumbnail wp-image-115910\" alt=\"DSC_4358\" src=\"http:\/\/www.fuldaer-nachrichten.de\/wp-content\/uploads\/2013\/10\/DSC_4358-e1382947382882-265x398.jpg\" width=\"265\" height=\"398\" srcset=\"https:\/\/www.fuldaernachrichten.de\/wp-content\/uploads\/2013\/10\/DSC_4358-e1382947382882-265x398.jpg 265w, https:\/\/www.fuldaernachrichten.de\/wp-content\/uploads\/2013\/10\/DSC_4358-e1382947382882-176x265.jpg 176w, https:\/\/www.fuldaernachrichten.de\/wp-content\/uploads\/2013\/10\/DSC_4358-e1382947382882.jpg 399w\" sizes=\"(max-width: 265px) 100vw, 265px\" \/><\/a>Die Physiotherapeutin ist zufrieden mit ihrem Sch\u00fctzling. &#8220;Heute standen das Greifen und die Aufrichtung des Oberk\u00f6rpers im Vordergrund. Ganz nach oben zu kommen, war gar nicht das erkl\u00e4rte Ziel&#8221;, sagt die 38-J\u00e4hrige, &#8220;aber so ein Erfolgserlebnis bringt nat\u00fcrlich jede Menge Motivation.&#8221; Pauls leuchtende Augen sind die Best\u00e4tigung.<\/p>\n<p>Der Aufforderungscharakter macht diese Therapieform, die Anfang der 1990er Jahre in Deutschland popul\u00e4r wurde, zu etwas Besonderem. &#8220;Kinder geben beim Klettern oft alles, sie wachsen regelrecht \u00fcber sich hinaus. Bei klassischer Physiotherapie kommt es durchaus vor, dass die \u00dcbung abgebrochen wird, aber an der Kletterwand merken die Kinder gar nicht, wie viel sie eigentlich \u00c2\u00a0tun&#8221;, wei\u00df die 38-J\u00e4hrige, die ihre Leidenschaft f\u00fcr das Sportklettern schon vor vielen Jahren entdeckt und eine spezielle Fortbildung im therapeutischen Klettern absolviert hat. In der Physiotherapie-Praxis Meissner-Helmkamp-Lindemann im Medicum geht sie regelm\u00e4\u00dfig mit ihren kleinen und gro\u00dfen Patienten an die Wand.<\/p>\n<p>Eingesetzt wird das therapeutische Klettern \u00fcberwiegend bei Patienten, die Haltungssch\u00e4den oder Bewegungseinschr\u00e4nkungen, B\u00e4nder- oder Gelenkverletzungen haben. Auch bei Menschen, die einen Schlaganfall erlitten haben oder an Multipler Sklerose erkrankt sind, wird das therapeutische Klettern genutzt, um die Wahrnehmung zu schulen und die Koordinationsf\u00e4higkeit zu verbessern. Dar\u00fcber hinaus, k\u00f6nnen Kinder mit ADS oder ADHS von dieser Therapie, bei der K\u00f6rper, Geist und Seele eine Einheit bilden, profitieren.<\/p>\n<p><a href=\"http:\/\/www.fuldaer-nachrichten.de\/wp-content\/uploads\/2013\/10\/DSC_4329-e1382947332717.jpg\"><img decoding=\"async\" class=\"alignleft size-thumbnail wp-image-115909\" alt=\"DSC_4329\" src=\"http:\/\/www.fuldaer-nachrichten.de\/wp-content\/uploads\/2013\/10\/DSC_4329-e1382947332717-265x397.jpg\" width=\"265\" height=\"397\" srcset=\"https:\/\/www.fuldaernachrichten.de\/wp-content\/uploads\/2013\/10\/DSC_4329-e1382947332717-265x397.jpg 265w, https:\/\/www.fuldaernachrichten.de\/wp-content\/uploads\/2013\/10\/DSC_4329-e1382947332717-176x265.jpg 176w, https:\/\/www.fuldaernachrichten.de\/wp-content\/uploads\/2013\/10\/DSC_4329-e1382947332717.jpg 400w\" sizes=\"(max-width: 265px) 100vw, 265px\" \/><\/a>\u201eKraft und Beweglichkeit, Kondition, Konzentration, K\u00f6rperhaltung und Stabilit\u00e4t werden beim Klettern gef\u00f6rdert\u201c, wei\u00df Anja Kimpel. \u201eZudem k\u00f6nnen die Patienten beim Klettern, mehr Vertrauen in den eigenen K\u00f6rper und in sich selbst entwickeln.\u201c<\/p>\n<p>Pauls Opa, der seinen Enkel ab und an zum Klettern begleitet, ist von dem ganzheitlichen Ansatz \u00fcberzeugt. \u201ePaul ist ein guter Sch\u00fcler, ben\u00f6tigt f\u00fcr die sportliche Bewegung aber meistens etwas Ansporn. Deshalb ist es gro\u00dfartig zu sehen, wie er beim Klettern aus der Reserve gelockt wird und die positiven Erfahrungen auch im Alltag wirken.\u201c Dass Paul vor vier Jahren zeitweise im Rollstuhl sa\u00df und nicht mehr laufen konnte, glaubt man gar nicht, wenn man ihn in der Wand sieht. Doch Zysten im Wirbelkanal, die viele Jahre unentdeckt blieben und drei Operationen bei einem Berliner Spezialisten erforderlich machten, f\u00fchrten zu Sch\u00e4den an Nerven, Skelett und Muskulatur. F\u00fcr den Zehnj\u00e4hrigen bedeutet das dauerhafte Therapie.<\/p>\n<p>Wie gut, dass Anja Kimpel mit der Kletterwand ein As im \u00c4rmel und deshalb bei Paul leichtes Spiel hat. Der freut sich n\u00e4mlich immer auf das n\u00e4chste Mal und ganz besonders auf seine Lieblingswand &#8211; an der schafft er es beinahe \u201espielend\u201c bis ganz nach oben. \u00c2\u00a0(Dorit Heydenreich)<\/p>\n","protected":false},"excerpt":{"rendered":"<div class=\"tmnf_excerpt\"><p>Fulda. Paul strahlt \u00fcber das ganze Gesicht. Er ist oben angekommen, hat die Kletterwand bezwungen, obwohl Konzentration und Kondition heute nicht optimal waren. Der Zehnj\u00e4hrige ist richtig stolz auf sich und darf noch einen kurzen Moment sechs Meter \u00fcber dem Boden schweben, durchatmen und Kraft f\u00fcr den Abstieg tanken. Anja Kimpel, die Paul gut gesichert &hellip;<\/p>\n<\/div>","protected":false},"author":1,"featured_media":0,"comment_status":"closed","ping_status":"closed","sticky":false,"template":"","format":"standard","meta":{"footnotes":""},"categories":[1,51,78],"tags":[],"class_list":["post-115913","post","type-post","status-publish","format-standard","hentry","category-startseite","category-medizin","category-topthema"],"_links":{"self":[{"href":"https:\/\/www.fuldaernachrichten.de\/index.php?rest_route=\/wp\/v2\/posts\/115913","targetHints":{"allow":["GET"]}}],"collection":[{"href":"https:\/\/www.fuldaernachrichten.de\/index.php?rest_route=\/wp\/v2\/posts"}],"about":[{"href":"https:\/\/www.fuldaernachrichten.de\/index.php?rest_route=\/wp\/v2\/types\/post"}],"author":[{"embeddable":true,"href":"https:\/\/www.fuldaernachrichten.de\/index.php?rest_route=\/wp\/v2\/users\/1"}],"replies":[{"embeddable":true,"href":"https:\/\/www.fuldaernachrichten.de\/index.php?rest_route=%2Fwp%2Fv2%2Fcomments&post=115913"}],"version-history":[{"count":6,"href":"https:\/\/www.fuldaernachrichten.de\/index.php?rest_route=\/wp\/v2\/posts\/115913\/revisions"}],"predecessor-version":[{"id":117435,"href":"https:\/\/www.fuldaernachrichten.de\/index.php?rest_route=\/wp\/v2\/posts\/115913\/revisions\/117435"}],"wp:attachment":[{"href":"https:\/\/www.fuldaernachrichten.de\/index.php?rest_route=%2Fwp%2Fv2%2Fmedia&parent=115913"}],"wp:term":[{"taxonomy":"category","embeddable":true,"href":"https:\/\/www.fuldaernachrichten.de\/index.php?rest_route=%2Fwp%2Fv2%2Fcategories&post=115913"},{"taxonomy":"post_tag","embeddable":true,"href":"https:\/\/www.fuldaernachrichten.de\/index.php?rest_route=%2Fwp%2Fv2%2Ftags&post=115913"}],"curies":[{"name":"wp","href":"https:\/\/api.w.org\/{rel}","templated":true}]}}