{"id":115891,"date":"2013-10-28T00:14:21","date_gmt":"2013-10-28T00:14:21","guid":{"rendered":"http:\/\/www.fuldaer-nachrichten.de\/?p=115891"},"modified":"2013-10-28T07:04:05","modified_gmt":"2013-10-28T07:04:05","slug":"jugendgruppe-msc-braach-luca-nappi-und-marcel-bremicker-bei-finallaeufen-dabei","status":"publish","type":"post","link":"https:\/\/www.fuldaernachrichten.de\/?p=115891","title":{"rendered":"Jugendgruppe MSC Braach: Luca Nappi und Marcel Bremicker bei Finall\u00e4ufen dabei"},"content":{"rendered":"<p><a href=\"http:\/\/www.fuldaer-nachrichten.de\/wp-content\/uploads\/2013\/10\/Luca-beim-Bundesendlauf.jpg\"><img decoding=\"async\" class=\"alignleft size-thumbnail wp-image-115883\" alt=\"Luca beim Bundesendlauf\" src=\"http:\/\/www.fuldaer-nachrichten.de\/wp-content\/uploads\/2013\/10\/Luca-beim-Bundesendlauf-265x177.jpg\" width=\"265\" height=\"177\" srcset=\"https:\/\/www.fuldaernachrichten.de\/wp-content\/uploads\/2013\/10\/Luca-beim-Bundesendlauf-265x177.jpg 265w, https:\/\/www.fuldaernachrichten.de\/wp-content\/uploads\/2013\/10\/Luca-beim-Bundesendlauf.jpg 600w\" sizes=\"(max-width: 265px) 100vw, 265px\" \/><\/a>Rotenburg a.d. Fulda. Bei den Endl\u00e4ufen zur Hessen-Th\u00fcringen-Meisterschaft erreichte Luca Nappi (Altersklasse 2) den dritten Gesamtrang und war damit f\u00fcr den ADAC-Bundesendlauf qualifiziert. Nicht ganz so gut lief dieses Mal in dieser Meisterschaft f\u00fcr Bianca Hahn (Altersklasse 1) und Marcel Bremicker (Altersklasse 4), die am Ende Rang 12 und Rang 7 in ihren Klassen erreichten.<!--more--><\/p>\n<p>Beim ADAC-Bundesendlauf am 12.\/13.10. fuhr Luca Nappi dann auf den 29. Platz. Nach einer guten Proberunde wollte Luca zu viel und erwischte am Eingang des \u201eDeutschen Ecks\u201c eine Pylone. Bei zwei Wertungsl\u00e4ufen sind die daf\u00fcr verbuchten zwei Strafsekunden nicht mehr aufzuholen, so dass Luca seine Top-Platzierung aus dem Vorjahr leider nicht wiederholen konnte.<\/p>\n<p><a href=\"http:\/\/www.fuldaer-nachrichten.de\/wp-content\/uploads\/2013\/10\/Marcel-bei-Siegerehrung-Deutsche-Meisterschaft.jpg\"><img fetchpriority=\"high\" decoding=\"async\" class=\"alignleft size-thumbnail wp-image-115884\" alt=\"Marcel bei Siegerehrung Deutsche Meisterschaft\" src=\"http:\/\/www.fuldaer-nachrichten.de\/wp-content\/uploads\/2013\/10\/Marcel-bei-Siegerehrung-Deutsche-Meisterschaft-265x372.jpg\" width=\"265\" height=\"372\" srcset=\"https:\/\/www.fuldaernachrichten.de\/wp-content\/uploads\/2013\/10\/Marcel-bei-Siegerehrung-Deutsche-Meisterschaft-265x372.jpg 265w, https:\/\/www.fuldaernachrichten.de\/wp-content\/uploads\/2013\/10\/Marcel-bei-Siegerehrung-Deutsche-Meisterschaft-188x265.jpg 188w, https:\/\/www.fuldaernachrichten.de\/wp-content\/uploads\/2013\/10\/Marcel-bei-Siegerehrung-Deutsche-Meisterschaft-426x600.jpg 426w, https:\/\/www.fuldaernachrichten.de\/wp-content\/uploads\/2013\/10\/Marcel-bei-Siegerehrung-Deutsche-Meisterschaft.jpg 513w\" sizes=\"(max-width: 265px) 100vw, 265px\" \/><\/a>Die Kart-Slalom-Saison 2013 ist dann am 19.\/20.10. mit dem Finale zur Deutschen Meisterschaft beendet worden. Daf\u00fcr war Marcel Bremicker durch den Gewinn der hessischen Meisterschaft qualifiziert. Er belegte den 20. Platz in der Altersklasse 4. In einer Vollgaspassage fuhr Marcel durch die S-Gasse ein paar Zentimeter zu weit rechts, wodurch er zwei Pylonen erwischte. Das brachte ihm vier Strafsekunden ein und verhinderte eine bessere Platzierung.<\/p>\n<p>\u201eWenn sich die besten Fahrer Deutschlands treffen, muss man halt etwas riskieren, um vorne mit zu fahren\u201c, so Trainer Sven Bremicker. \u201eDas kann halt auch schief gehen. Wir nehmen das sportlich und versuchen es n\u00e4chstes Jahr noch besser zu machen\u201c, so Bremicker weiter.<\/p>\n<p>Der MSC Braach kann aber trotz der fehlenden Spitzenplatzierungen in den Finall\u00e4ufen sehr stolz auf seine Jugendgruppe sein. Immerhin nehmen aktuell ca. 45000 Kinder in Deutschland an diesen Meisterschaften teil. Wer sich da zu den Deutschen Finall\u00e4ufen qualifiziert, geh\u00f6rt bereits zu den besten 400 Fahren Deutschlands. Philipp Kerber belegte in der Meisterschaft im Kart-Slalom 2000 den 12. Platz in der Klasse 2b.<\/p>\n","protected":false},"excerpt":{"rendered":"<div class=\"tmnf_excerpt\"><p>Rotenburg a.d. Fulda. Bei den Endl\u00e4ufen zur Hessen-Th\u00fcringen-Meisterschaft erreichte Luca Nappi (Altersklasse 2) den dritten Gesamtrang und war damit f\u00fcr den ADAC-Bundesendlauf qualifiziert. Nicht ganz so gut lief dieses Mal in dieser Meisterschaft f\u00fcr Bianca Hahn (Altersklasse 1) und Marcel Bremicker (Altersklasse 4), die am Ende Rang 12 und Rang 7 in ihren Klassen erreichten.<\/p>\n<\/div>","protected":false},"author":1,"featured_media":0,"comment_status":"closed","ping_status":"closed","sticky":false,"template":"","format":"standard","meta":{"footnotes":""},"categories":[1,35],"tags":[],"class_list":["post-115891","post","type-post","status-publish","format-standard","hentry","category-startseite","category-auto"],"_links":{"self":[{"href":"https:\/\/www.fuldaernachrichten.de\/index.php?rest_route=\/wp\/v2\/posts\/115891","targetHints":{"allow":["GET"]}}],"collection":[{"href":"https:\/\/www.fuldaernachrichten.de\/index.php?rest_route=\/wp\/v2\/posts"}],"about":[{"href":"https:\/\/www.fuldaernachrichten.de\/index.php?rest_route=\/wp\/v2\/types\/post"}],"author":[{"embeddable":true,"href":"https:\/\/www.fuldaernachrichten.de\/index.php?rest_route=\/wp\/v2\/users\/1"}],"replies":[{"embeddable":true,"href":"https:\/\/www.fuldaernachrichten.de\/index.php?rest_route=%2Fwp%2Fv2%2Fcomments&post=115891"}],"version-history":[{"count":1,"href":"https:\/\/www.fuldaernachrichten.de\/index.php?rest_route=\/wp\/v2\/posts\/115891\/revisions"}],"predecessor-version":[{"id":115892,"href":"https:\/\/www.fuldaernachrichten.de\/index.php?rest_route=\/wp\/v2\/posts\/115891\/revisions\/115892"}],"wp:attachment":[{"href":"https:\/\/www.fuldaernachrichten.de\/index.php?rest_route=%2Fwp%2Fv2%2Fmedia&parent=115891"}],"wp:term":[{"taxonomy":"category","embeddable":true,"href":"https:\/\/www.fuldaernachrichten.de\/index.php?rest_route=%2Fwp%2Fv2%2Fcategories&post=115891"},{"taxonomy":"post_tag","embeddable":true,"href":"https:\/\/www.fuldaernachrichten.de\/index.php?rest_route=%2Fwp%2Fv2%2Ftags&post=115891"}],"curies":[{"name":"wp","href":"https:\/\/api.w.org\/{rel}","templated":true}]}}