{"id":115878,"date":"2013-10-28T00:14:22","date_gmt":"2013-10-28T00:14:22","guid":{"rendered":"http:\/\/www.fuldaer-nachrichten.de\/?p=115878"},"modified":"2013-10-28T06:55:20","modified_gmt":"2013-10-28T06:55:20","slug":"grosse-herbstfachtagung-des-deutschen-wanderverbandes-innovative-angebote-fuer-neue-mitglieder","status":"publish","type":"post","link":"https:\/\/www.fuldaernachrichten.de\/?p=115878","title":{"rendered":"Gro\u00dfe Herbstfachtagung des Deutschen Wanderverbandes &#8211; Innovative Angebote f\u00fcr neue Mitglieder"},"content":{"rendered":"<p>H\u00f6sbach. Unter dem Motto \u201eKultur &amp; Identit\u00e4t unserer Heimat: Naherholung \u2013 Umweltschutz \u2013 Motivation\u201c hat vom 25. bis 27. Oktober die Gro\u00dfe Herbstfachtagung des Deutschen Wanderverbandes (DWV) in H\u00f6sbach im Spessart stattgefunden.\u00c2\u00a0 Die Tagung, die alle zwei Jahre an wechselnden Orten bundesweit Vertreter aller 58 unter dem Dach des Deutschen Wanderverbandes organisierten Gebietsvereine zusammenf\u00fchrt, bot eine Reihe von Fachvortr\u00e4gen.<\/p>\n<p>So sprach der Pr\u00e4sident des Bayerischen Wanderverbandes, Dr. Gerhard Ermischer, zum Thema \u201eHeimat und regionale Identit\u00e4t\u201c. Ermischer ist auch Vorsitzender des in Aschaffenburg beheimateten arch\u00e4ologischen Spessartprojekts, welches die Kulturlandschaft Spessart erforscht. Dr. Gerrit Himmelsbach, 1. Hauptvorsitzender des Spessartbundes mit rund 17.000 Mitgliedern, sprach \u00fcber \u201eMotivationsanker f\u00fcr die Zukunft der Wandervereine\u201c.<\/p>\n<p>Neben den Vortr\u00e4gen bot die Tagung Arbeitskreise (AK) zu allen Fachbereichen des Deutschen Wanderverbandes, also Familie, Jugend, Kultur, Medien, H\u00fctten, Naturschutz sowie Wandern und Wege. S\u00e4mtliche AKs besch\u00e4ftigten sich mit der wichtigen Frage, wie neue engagierte Mitglieder f\u00fcr die Vereine gewonnen werden k\u00f6nnen.<\/p>\n<p>J\u00fcrgen Wachowski, Verbandsfachwart Wandern, also verbandsseitig f\u00fcr das Thema Wandern zust\u00e4ndig, stellte dar, dass er mit neuen, innovativen Angeboten wie \u201esportiven Wanderungen\u201c oder dem vom DWV zertifizierten Gesundheitswandern j\u00fcngere Mitglieder f\u00fcr die Wandervereine gewinnen will. Deutlich wurde in H\u00f6sbach auch, dass die Deutsche Wanderakademie mit ihren Ausbildungsg\u00e4ngen schon heute wesentlich dazu beitr\u00e4gt, dass Wandervereine qualitativ hochwertige Angebote machen k\u00f6nnen und damit viele Menschen f\u00fcr die Vereine interessieren. \u00dcber diese Angebote informiert das einmal j\u00e4hrlich vom DWV herausgegebene Magazin Ferienwandern, welches rund 200 gef\u00fchrte Wanderungen aus den Jahresprogrammen der deutschen Gebirgs- und Wandervereine darstellt.<\/p>\n<p>Im AK Medien wurde anhand von Best Pactice Beispielen gezeigt, wie Wandervereine soziale Medien einsetzen k\u00f6nnen, um junge Mitglieder zu erreichen. An den Beispielen EifelPfadFinder sowie www. wanderbares-deutschland.de wurde zudem deutlich, wie Onlineplattformen das Planen und Durchf\u00fchren von Wanderungen wesentlich erleichtern.\u00c2\u00a0 Der AK Familien behandelte das gro\u00dfe Thema Waldp\u00e4dagogik. Im AK Naturschutz wurde diskutiert, wie Wandervereine als Natursch\u00fctzer und -n\u00fctzer die Themen Heimat, Landschaft und Naturschutz behandeln sollten. Die Frage wurde insbesondere unter dem Aspekt eines sich schon immer wandelnden Landschaftsbildes behandelt.<br \/>\nBeim AK H\u00fctten wurde \u00fcber die DWV-Mitgliedskarte informiert, die 2013 eingef\u00fchrt wurde und ihren Besitzern in vielen Wanderheimen aber auch bei \u201eQualit\u00e4tsgastgebern Wanderbares Deutschland\u201c sowie Reiseveranstaltern Rabatte beschert.<\/p>\n<p>Der Sonntag schlie\u00dflich bot den Tagungsteilnehmern drei Exkursionen, die einen Einblick gaben in die Vielfalt der Landschaft des Spessarts. Dabei wurden sowohl kulturelle als auch naturlandschaftliche Ph\u00e4nomene in den Blick genommen. Ausrichter der Veranstaltung war der Spessart\u00c2\u00adbund, Schirmherr war der Landrat des Landkreises Aschaffenburg, Dr. Ulrich Reuter.<\/p>\n","protected":false},"excerpt":{"rendered":"<div class=\"tmnf_excerpt\"><p>H\u00f6sbach. Unter dem Motto \u201eKultur &amp; Identit\u00e4t unserer Heimat: Naherholung \u2013 Umweltschutz \u2013 Motivation\u201c hat vom 25. bis 27. Oktober die Gro\u00dfe Herbstfachtagung des Deutschen Wanderverbandes (DWV) in H\u00f6sbach im Spessart stattgefunden.\u00c2\u00a0 Die Tagung, die alle zwei Jahre an wechselnden Orten bundesweit Vertreter aller 58 unter dem Dach des Deutschen Wanderverbandes organisierten Gebietsvereine zusammenf\u00fchrt, bot &hellip;<\/p>\n<\/div>","protected":false},"author":1,"featured_media":0,"comment_status":"closed","ping_status":"closed","sticky":false,"template":"","format":"standard","meta":{"footnotes":""},"categories":[1,52],"tags":[],"class_list":["post-115878","post","type-post","status-publish","format-standard","hentry","category-startseite","category-umwelt"],"_links":{"self":[{"href":"https:\/\/www.fuldaernachrichten.de\/index.php?rest_route=\/wp\/v2\/posts\/115878","targetHints":{"allow":["GET"]}}],"collection":[{"href":"https:\/\/www.fuldaernachrichten.de\/index.php?rest_route=\/wp\/v2\/posts"}],"about":[{"href":"https:\/\/www.fuldaernachrichten.de\/index.php?rest_route=\/wp\/v2\/types\/post"}],"author":[{"embeddable":true,"href":"https:\/\/www.fuldaernachrichten.de\/index.php?rest_route=\/wp\/v2\/users\/1"}],"replies":[{"embeddable":true,"href":"https:\/\/www.fuldaernachrichten.de\/index.php?rest_route=%2Fwp%2Fv2%2Fcomments&post=115878"}],"version-history":[{"count":1,"href":"https:\/\/www.fuldaernachrichten.de\/index.php?rest_route=\/wp\/v2\/posts\/115878\/revisions"}],"predecessor-version":[{"id":115879,"href":"https:\/\/www.fuldaernachrichten.de\/index.php?rest_route=\/wp\/v2\/posts\/115878\/revisions\/115879"}],"wp:attachment":[{"href":"https:\/\/www.fuldaernachrichten.de\/index.php?rest_route=%2Fwp%2Fv2%2Fmedia&parent=115878"}],"wp:term":[{"taxonomy":"category","embeddable":true,"href":"https:\/\/www.fuldaernachrichten.de\/index.php?rest_route=%2Fwp%2Fv2%2Fcategories&post=115878"},{"taxonomy":"post_tag","embeddable":true,"href":"https:\/\/www.fuldaernachrichten.de\/index.php?rest_route=%2Fwp%2Fv2%2Ftags&post=115878"}],"curies":[{"name":"wp","href":"https:\/\/api.w.org\/{rel}","templated":true}]}}