{"id":115870,"date":"2013-10-28T00:10:45","date_gmt":"2013-10-28T00:10:45","guid":{"rendered":"http:\/\/www.fuldaer-nachrichten.de\/?p=115870"},"modified":"2013-10-28T06:51:58","modified_gmt":"2013-10-28T06:51:58","slug":"dokumentation-unplugged-leben-guaia-guaia-am-freitag-im-cafe-panama","status":"publish","type":"post","link":"https:\/\/www.fuldaernachrichten.de\/?p=115870","title":{"rendered":"Dokumentation  \u201eUnplugged: Leben &#8211; Guaia Guaia\u201c am Freitag im Caf\u00e9 Panama"},"content":{"rendered":"<p><a href=\"http:\/\/www.fuldaer-nachrichten.de\/wp-content\/uploads\/2013\/10\/wfilm_unplugged_leben_foto_1.jpg\"><img decoding=\"async\" class=\"alignleft size-thumbnail wp-image-115872\" alt=\"wfilm_unplugged_leben_foto_1\" src=\"http:\/\/www.fuldaer-nachrichten.de\/wp-content\/uploads\/2013\/10\/wfilm_unplugged_leben_foto_1-265x148.jpg\" width=\"265\" height=\"148\" srcset=\"https:\/\/www.fuldaernachrichten.de\/wp-content\/uploads\/2013\/10\/wfilm_unplugged_leben_foto_1-265x148.jpg 265w, https:\/\/www.fuldaernachrichten.de\/wp-content\/uploads\/2013\/10\/wfilm_unplugged_leben_foto_1.jpg 600w\" sizes=\"(max-width: 265px) 100vw, 265px\" \/><\/a>Fulda. Elias Gottstein und Carl Luis Zielke haben keinen festen Wohnsitz, keine Ausbildung, kein Bankkonto, keine Sicherheiten. Stattdessen leben Sie ihren Traum von Freiheit: radikal, anarchisch, unplugged! Sie sind jung, sie sind intelligent, sie sind hungrig: nach Leben, nach Musik, nach einer Zukunft fernab der b\u00fcrgerlichen Vorstellungswelt. Dazu haben sie einen unb\u00e4ndigen Optimismus, dieses Leben selbst gestalten zu k\u00f6nnen \u2013 mit und durch ihre Musik. Als \u201eGuaia Guaia\u201c ziehen sie mit selbstgebauten Fahrr\u00e4dern von Stadt zu Stadt und locken mit lauten, illegalen Konzerten Fans und Polizisten an.<!--more--><\/p>\n<p>Der Film begleitet die beiden Stra\u00dfenmusiker ein Jahr lang bei ihrer Tour durch Deutschland, zwischen Auftritten und der Suche nach einer Unterkunft. Er ist das Portr\u00e4t zweier junger M\u00e4nner, die sich mit dem Etikett m\u00e4nnlich, arbeitslos, ostdeutsch und perspektivlos nicht abfinden wollen und stattdessen ihren eigenen Weg gehen. Dabei geraten sie immer wieder ins Spannungsfeld zwischen ihren Idealen und der Gesellschaft, in der Gesch\u00e4ft und Erfolg z\u00e4hlen.<\/p>\n<p>Der Eintritt liegt bei 4\u00e2\u201a\u00ac (erm\u00e4\u00dfigt 3\u00e2\u201a\u00ac). Die Vorf\u00fchrung findet statt im Kino35 &#8211; Caf\u00e9 Panama in der Langebr\u00fcckenstr. 14, 36037 Fulda, weitere Infos erhalten Sie unter der Telefonnummer 0661-480045-35 oder unter www.35kino.de.<\/p>\n","protected":false},"excerpt":{"rendered":"<div class=\"tmnf_excerpt\"><p>Fulda. Elias Gottstein und Carl Luis Zielke haben keinen festen Wohnsitz, keine Ausbildung, kein Bankkonto, keine Sicherheiten. Stattdessen leben Sie ihren Traum von Freiheit: radikal, anarchisch, unplugged! Sie sind jung, sie sind intelligent, sie sind hungrig: nach Leben, nach Musik, nach einer Zukunft fernab der b\u00fcrgerlichen Vorstellungswelt. Dazu haben sie einen unb\u00e4ndigen Optimismus, dieses Leben &hellip;<\/p>\n<\/div>","protected":false},"author":1,"featured_media":0,"comment_status":"closed","ping_status":"closed","sticky":false,"template":"","format":"standard","meta":{"footnotes":""},"categories":[1,44],"tags":[],"class_list":["post-115870","post","type-post","status-publish","format-standard","hentry","category-startseite","category-kultur"],"_links":{"self":[{"href":"https:\/\/www.fuldaernachrichten.de\/index.php?rest_route=\/wp\/v2\/posts\/115870","targetHints":{"allow":["GET"]}}],"collection":[{"href":"https:\/\/www.fuldaernachrichten.de\/index.php?rest_route=\/wp\/v2\/posts"}],"about":[{"href":"https:\/\/www.fuldaernachrichten.de\/index.php?rest_route=\/wp\/v2\/types\/post"}],"author":[{"embeddable":true,"href":"https:\/\/www.fuldaernachrichten.de\/index.php?rest_route=\/wp\/v2\/users\/1"}],"replies":[{"embeddable":true,"href":"https:\/\/www.fuldaernachrichten.de\/index.php?rest_route=%2Fwp%2Fv2%2Fcomments&post=115870"}],"version-history":[{"count":1,"href":"https:\/\/www.fuldaernachrichten.de\/index.php?rest_route=\/wp\/v2\/posts\/115870\/revisions"}],"predecessor-version":[{"id":115873,"href":"https:\/\/www.fuldaernachrichten.de\/index.php?rest_route=\/wp\/v2\/posts\/115870\/revisions\/115873"}],"wp:attachment":[{"href":"https:\/\/www.fuldaernachrichten.de\/index.php?rest_route=%2Fwp%2Fv2%2Fmedia&parent=115870"}],"wp:term":[{"taxonomy":"category","embeddable":true,"href":"https:\/\/www.fuldaernachrichten.de\/index.php?rest_route=%2Fwp%2Fv2%2Fcategories&post=115870"},{"taxonomy":"post_tag","embeddable":true,"href":"https:\/\/www.fuldaernachrichten.de\/index.php?rest_route=%2Fwp%2Fv2%2Ftags&post=115870"}],"curies":[{"name":"wp","href":"https:\/\/api.w.org\/{rel}","templated":true}]}}