{"id":115864,"date":"2013-10-26T00:52:33","date_gmt":"2013-10-26T00:52:33","guid":{"rendered":"http:\/\/www.fuldaer-nachrichten.de\/?p=115864"},"modified":"2013-10-26T08:53:49","modified_gmt":"2013-10-26T08:53:49","slug":"noch-freie-plaetze-fuer-instrumentalunterricht-der-musikschule-fulda","status":"publish","type":"post","link":"https:\/\/www.fuldaernachrichten.de\/?p=115864","title":{"rendered":"Noch freie Pl\u00e4tze f\u00fcr Instrumentalunterricht der Musikschule Fulda"},"content":{"rendered":"<p>Fulda. Wer sich nach dem Start des neuen Schuljahres noch nicht dazu durchringen konnte, ein Instrument zu erlernen, hat an der Musikschule der Stadt Fulda in einzelnen F\u00e4chern noch die Chance auf einen Unterrichtsplatz. Fundierter, dem Alter und der individuellen Begabung entsprechender Unterricht kann schon ab 33,00 \u00e2\u201a\u00ac monatlicher Geb\u00fchr f\u00fcr folgende Instrumente noch gebucht werden in Querfl\u00f6te, Blockfl\u00f6te, Gesang und (Kontra\/E-)Bass. Auch bei Akkordeon und Klavier lohnt sich immer wieder die Nachfrage. Die St\u00e4dtische Musikschule bietet den B\u00fcrgern insgesamt ca. 50 Instrumentalf\u00e4cher an und erg\u00e4nzt diese durch viele Ensembles und Theorieunterricht. Eltern-Kind-Gruppen f\u00fcr die J\u00fcngsten k\u00f6nnen bereits ab einem Alter von 6 Monaten belegt werden. Hier ist f\u00fcr monatlich 21,50 \u00e2\u201a\u00ac ein Einstieg jederzeit m\u00f6glich. Auskunft erteilt das Sekretariat der Musikschule unter 0661 102-1412. Unter www.musik-fulda.de findet man ebenfalls n\u00e4here Informationen.<!--more--><\/p>\n<p><strong>Musikalische Grundausbildung<\/strong><br \/>\n(f\u00fcr Kinder im Alter von etwa 6-7 Jahren)<\/p>\n<p>Die Zusammenarbeit mit den allgemein bildenden Schulen ist uns sehr wichtig, weil wir \u00fcberzeugt sind, eine wertvolle Erg\u00e4nzung zum \u00fcblichen Lehrplan beisteuern zu k\u00f6nnen. Den St\u00e4dtischen Grundschulen bieten wir f\u00fcr die 1. Klasse eine musikalische Grundausbildung direkt in der Schule an, wo neben Gesang, Bodypercussion und viel Bewegung auch die Grundprinzipien der Klangerzeugung erkl\u00e4rt werden. Das geht beispielsweise durch Basteln und anschlie\u00dfendes Spiel auf diesem selbst gebastelten Instrument. So lernen die Kinder ganz nebenbei die wichtigsten Instrumentengattungen kennen und bekommen ein Gef\u00fchl f\u00fcr ihre Vorlieben und St\u00e4rken. Die Wahl des passenden Instrumentes wird dadurch wesentlich erleichtert. Im Anschluss an die Musikalische Grundausbildung kann ab dem zweiten Schuljahr dann ein Instrument erlernt werden. Wenn genug Nachfrage besteht, dann versucht die Musikschule sogar, den Unterricht vor Ort anzubieten.<\/p>\n<p>Informationen zum Unterricht sowie zu Familien- und Sozialerm\u00e4\u00dfigungen unter www.musik-fulda.de oder 0661 102-1412<\/p>\n","protected":false},"excerpt":{"rendered":"<div class=\"tmnf_excerpt\"><p>Fulda. Wer sich nach dem Start des neuen Schuljahres noch nicht dazu durchringen konnte, ein Instrument zu erlernen, hat an der Musikschule der Stadt Fulda in einzelnen F\u00e4chern noch die Chance auf einen Unterrichtsplatz. Fundierter, dem Alter und der individuellen Begabung entsprechender Unterricht kann schon ab 33,00 \u00e2\u201a\u00ac monatlicher Geb\u00fchr f\u00fcr folgende Instrumente noch gebucht &hellip;<\/p>\n<\/div>","protected":false},"author":1,"featured_media":0,"comment_status":"closed","ping_status":"closed","sticky":false,"template":"","format":"standard","meta":{"footnotes":""},"categories":[1,53],"tags":[],"class_list":["post-115864","post","type-post","status-publish","format-standard","hentry","category-startseite","category-bildung"],"_links":{"self":[{"href":"https:\/\/www.fuldaernachrichten.de\/index.php?rest_route=\/wp\/v2\/posts\/115864","targetHints":{"allow":["GET"]}}],"collection":[{"href":"https:\/\/www.fuldaernachrichten.de\/index.php?rest_route=\/wp\/v2\/posts"}],"about":[{"href":"https:\/\/www.fuldaernachrichten.de\/index.php?rest_route=\/wp\/v2\/types\/post"}],"author":[{"embeddable":true,"href":"https:\/\/www.fuldaernachrichten.de\/index.php?rest_route=\/wp\/v2\/users\/1"}],"replies":[{"embeddable":true,"href":"https:\/\/www.fuldaernachrichten.de\/index.php?rest_route=%2Fwp%2Fv2%2Fcomments&post=115864"}],"version-history":[{"count":1,"href":"https:\/\/www.fuldaernachrichten.de\/index.php?rest_route=\/wp\/v2\/posts\/115864\/revisions"}],"predecessor-version":[{"id":115865,"href":"https:\/\/www.fuldaernachrichten.de\/index.php?rest_route=\/wp\/v2\/posts\/115864\/revisions\/115865"}],"wp:attachment":[{"href":"https:\/\/www.fuldaernachrichten.de\/index.php?rest_route=%2Fwp%2Fv2%2Fmedia&parent=115864"}],"wp:term":[{"taxonomy":"category","embeddable":true,"href":"https:\/\/www.fuldaernachrichten.de\/index.php?rest_route=%2Fwp%2Fv2%2Fcategories&post=115864"},{"taxonomy":"post_tag","embeddable":true,"href":"https:\/\/www.fuldaernachrichten.de\/index.php?rest_route=%2Fwp%2Fv2%2Ftags&post=115864"}],"curies":[{"name":"wp","href":"https:\/\/api.w.org\/{rel}","templated":true}]}}