{"id":115860,"date":"2013-10-26T00:50:00","date_gmt":"2013-10-26T00:50:00","guid":{"rendered":"http:\/\/www.fuldaer-nachrichten.de\/?p=115860"},"modified":"2013-10-26T08:51:13","modified_gmt":"2013-10-26T08:51:13","slug":"buechertisch-wasserkuppe-erster-aufruf-erfolgreich","status":"publish","type":"post","link":"https:\/\/www.fuldaernachrichten.de\/?p=115860","title":{"rendered":"B\u00fcchertisch Wasserkuppe: Erster Aufruf erfolgreich"},"content":{"rendered":"<p>Gersfeld. (hs) Im August hatte die Jugendbildungsst\u00e4tte Wasserkuppe zu einer Spende von nicht mehr ben\u00f6tigten B\u00fcchern zugunsten von Jugendarbeit gebeten. Das Echo hierauf war enorm: Innerhalb weniger Tage wurden \u00fcber 5000 B\u00fccher und 100 Gesellschaftspiele auf Hessens h\u00f6chstem Berg abgegeben. Zwischenzeitlich konnten weit \u00fcber 1000 B\u00fccher weiter verteilt werden:<!--more--><\/p>\n<ul>\n<li>die Stadtb\u00fccherei Gersfeld hat alle Ver\u00f6ffentlichungen \u00fcber die Rh\u00f6n in ihre Best\u00e4nde einordnen k\u00f6nnen<\/li>\n<li>alle Titel zum Thema \u201eFliegen\u201c und \u201eNatur\u201c haben Eingang in die Bibliothek der Jugendbildungsst\u00e4tte gefunden<\/li>\n<li>die jugendlichen Teilnehmer der Veranstaltungen \u201eTasifan\u201c und \u201eKindertheater\u201c konnten ihren \u201eLesehunger stillen\u201c.<\/li>\n<li>Die wissenschaftlichen Bibliotheken des Herder-Institutes in Marburg und der Adam-Mickiewicz- Universit\u00e4t in Posen sowie die Martin-Opitz-Bibliothek in Herne waren an den B\u00fcchern zum Thema \u201eOsteuropa\u201c interessiert,<\/li>\n<li>Ehrenamtliche Referenten bei Seminaren der Jugendbildungsst\u00e4tte fanden f\u00fcr ihre Arbeit ebenfalls entsprechende B\u00fccher.<\/li>\n<\/ul>\n<p>Die Spendenaktion zugunsten des \u201eB\u00fcchertisches Wasserkuppe\u201c wird fortgesetzt. Kontakt: Jugendbildungsst\u00e4tte Wasserkuppe GmbH, gemeinn\u00fctzige Gesellschaft f\u00fcr Jugend- &amp; Erwachsenenbildung Wasserkuppe 10, 36129 Gersfeld\u00c2\u00a0\u00c2\u00a0\u00c2\u00a0\u00c2\u00a0 Tel 06654-91833-0\/ Fax 06654-9183<\/p>\n","protected":false},"excerpt":{"rendered":"<div class=\"tmnf_excerpt\"><p>Gersfeld. (hs) Im August hatte die Jugendbildungsst\u00e4tte Wasserkuppe zu einer Spende von nicht mehr ben\u00f6tigten B\u00fcchern zugunsten von Jugendarbeit gebeten. Das Echo hierauf war enorm: Innerhalb weniger Tage wurden \u00fcber 5000 B\u00fccher und 100 Gesellschaftspiele auf Hessens h\u00f6chstem Berg abgegeben. Zwischenzeitlich konnten weit \u00fcber 1000 B\u00fccher weiter verteilt werden:<\/p>\n<\/div>","protected":false},"author":1,"featured_media":0,"comment_status":"closed","ping_status":"closed","sticky":false,"template":"","format":"standard","meta":{"footnotes":""},"categories":[1,53],"tags":[],"class_list":["post-115860","post","type-post","status-publish","format-standard","hentry","category-startseite","category-bildung"],"_links":{"self":[{"href":"https:\/\/www.fuldaernachrichten.de\/index.php?rest_route=\/wp\/v2\/posts\/115860","targetHints":{"allow":["GET"]}}],"collection":[{"href":"https:\/\/www.fuldaernachrichten.de\/index.php?rest_route=\/wp\/v2\/posts"}],"about":[{"href":"https:\/\/www.fuldaernachrichten.de\/index.php?rest_route=\/wp\/v2\/types\/post"}],"author":[{"embeddable":true,"href":"https:\/\/www.fuldaernachrichten.de\/index.php?rest_route=\/wp\/v2\/users\/1"}],"replies":[{"embeddable":true,"href":"https:\/\/www.fuldaernachrichten.de\/index.php?rest_route=%2Fwp%2Fv2%2Fcomments&post=115860"}],"version-history":[{"count":1,"href":"https:\/\/www.fuldaernachrichten.de\/index.php?rest_route=\/wp\/v2\/posts\/115860\/revisions"}],"predecessor-version":[{"id":115861,"href":"https:\/\/www.fuldaernachrichten.de\/index.php?rest_route=\/wp\/v2\/posts\/115860\/revisions\/115861"}],"wp:attachment":[{"href":"https:\/\/www.fuldaernachrichten.de\/index.php?rest_route=%2Fwp%2Fv2%2Fmedia&parent=115860"}],"wp:term":[{"taxonomy":"category","embeddable":true,"href":"https:\/\/www.fuldaernachrichten.de\/index.php?rest_route=%2Fwp%2Fv2%2Fcategories&post=115860"},{"taxonomy":"post_tag","embeddable":true,"href":"https:\/\/www.fuldaernachrichten.de\/index.php?rest_route=%2Fwp%2Fv2%2Ftags&post=115860"}],"curies":[{"name":"wp","href":"https:\/\/api.w.org\/{rel}","templated":true}]}}