{"id":115856,"date":"2013-10-28T00:10:58","date_gmt":"2013-10-28T00:10:58","guid":{"rendered":"http:\/\/www.fuldaer-nachrichten.de\/?p=115856"},"modified":"2013-10-26T08:48:29","modified_gmt":"2013-10-26T08:48:29","slug":"nachtjaeger-fledermaeuse-in-der-rhoen","status":"publish","type":"post","link":"https:\/\/www.fuldaernachrichten.de\/?p=115856","title":{"rendered":"\u201eNachtj\u00e4ger \u2013 Flederm\u00e4use in der Rh\u00f6n\u201c"},"content":{"rendered":"<p>Wasserkuppe.Stefan Zaenker, Vorsitzender des Landesverbandes f\u00fcr H\u00f6hlen- und Karstforschung Hessen e.V. l\u00e4dt in Kooperation mit dem Biosph\u00e4renreservat Rh\u00f6n am Donnerstag, 31.10.2013 ab 19:00 Uhr zu einem Bildervortrag zum Vorkommen und der Lebensweise von Flederm\u00e4usen in der Rh\u00f6n ein. Der Vortrag stellt die in der Rh\u00f6n vorkommenden Fledermausarten vor und zeigt die Ergebnisse des laufenden Fledermausmonitorings. Im Anschluss findet eine Diskussionsrunde statt. Der Vortrag ist kostenfrei, Veranstaltungsort ist das Groenhoff-Haus, Wasserkuppe 8, 36129 Gersfeld.<\/p>\n","protected":false},"excerpt":{"rendered":"<div class=\"tmnf_excerpt\"><p>Wasserkuppe.Stefan Zaenker, Vorsitzender des Landesverbandes f\u00fcr H\u00f6hlen- und Karstforschung Hessen e.V. l\u00e4dt in Kooperation mit dem Biosph\u00e4renreservat Rh\u00f6n am Donnerstag, 31.10.2013 ab 19:00 Uhr zu einem Bildervortrag zum Vorkommen und der Lebensweise von Flederm\u00e4usen in der Rh\u00f6n ein. Der Vortrag stellt die in der Rh\u00f6n vorkommenden Fledermausarten vor und zeigt die Ergebnisse des laufenden Fledermausmonitorings. &hellip;<\/p>\n<\/div>","protected":false},"author":1,"featured_media":0,"comment_status":"closed","ping_status":"closed","sticky":false,"template":"","format":"standard","meta":{"footnotes":""},"categories":[1,52],"tags":[],"class_list":["post-115856","post","type-post","status-publish","format-standard","hentry","category-startseite","category-umwelt"],"_links":{"self":[{"href":"https:\/\/www.fuldaernachrichten.de\/index.php?rest_route=\/wp\/v2\/posts\/115856","targetHints":{"allow":["GET"]}}],"collection":[{"href":"https:\/\/www.fuldaernachrichten.de\/index.php?rest_route=\/wp\/v2\/posts"}],"about":[{"href":"https:\/\/www.fuldaernachrichten.de\/index.php?rest_route=\/wp\/v2\/types\/post"}],"author":[{"embeddable":true,"href":"https:\/\/www.fuldaernachrichten.de\/index.php?rest_route=\/wp\/v2\/users\/1"}],"replies":[{"embeddable":true,"href":"https:\/\/www.fuldaernachrichten.de\/index.php?rest_route=%2Fwp%2Fv2%2Fcomments&post=115856"}],"version-history":[{"count":1,"href":"https:\/\/www.fuldaernachrichten.de\/index.php?rest_route=\/wp\/v2\/posts\/115856\/revisions"}],"predecessor-version":[{"id":115857,"href":"https:\/\/www.fuldaernachrichten.de\/index.php?rest_route=\/wp\/v2\/posts\/115856\/revisions\/115857"}],"wp:attachment":[{"href":"https:\/\/www.fuldaernachrichten.de\/index.php?rest_route=%2Fwp%2Fv2%2Fmedia&parent=115856"}],"wp:term":[{"taxonomy":"category","embeddable":true,"href":"https:\/\/www.fuldaernachrichten.de\/index.php?rest_route=%2Fwp%2Fv2%2Fcategories&post=115856"},{"taxonomy":"post_tag","embeddable":true,"href":"https:\/\/www.fuldaernachrichten.de\/index.php?rest_route=%2Fwp%2Fv2%2Ftags&post=115856"}],"curies":[{"name":"wp","href":"https:\/\/api.w.org\/{rel}","templated":true}]}}