{"id":115854,"date":"2013-10-26T00:47:15","date_gmt":"2013-10-26T00:47:15","guid":{"rendered":"http:\/\/www.fuldaer-nachrichten.de\/?p=115854"},"modified":"2013-10-26T08:47:49","modified_gmt":"2013-10-26T08:47:49","slug":"schwarzstorch-ausstellung-auf-der-wasserkuppe","status":"publish","type":"post","link":"https:\/\/www.fuldaernachrichten.de\/?p=115854","title":{"rendered":"Schwarzstorch-Ausstellung auf der Wasserkuppe"},"content":{"rendered":"<p>Wasserkuppe. Die Hessische Verwaltungsstelle des Biosph\u00e4renreservates zeigt in Kooperation mit dem Umweltzentrum Fulda vom 01.11.2013 \u2013 12.01.2014 im Groenhoff-Haus auf der Wasserkuppe die Bildtafel-Ausstellung \u201eSchwarzstorch\u201c. Die Ausstellung informiert \u00fcber Themen wie z.B. Brutverhalten, Brutaufzucht, Lebensr\u00e4ume, Zugverhalten, Verbreitung und Vorkommen, Gef\u00e4hrdungs- sowie Schutzma\u00dfnahmen. Die Schautafeln wurden in Zusammenarbeit mit der Arbeitsgemeinschaft der anerkannten Naturschutzverb\u00e4nde im Landkreis Fulda sowie der Vogelschutzwarte Frankfurt erstellt. Erg\u00e4nzt wird die Ausstellung durch einen Miniaturnachbau eines Schwarzstorchhorstes, Schwarzstorchpr\u00e4parate und Pr\u00e4paraten von nat\u00fcrlichen Feinden. Die Ausstellungser\u00f6ffnung findet am 06.11.2013 um 17.00 Uhr statt.<\/p>\n","protected":false},"excerpt":{"rendered":"<div class=\"tmnf_excerpt\"><p>Wasserkuppe. Die Hessische Verwaltungsstelle des Biosph\u00e4renreservates zeigt in Kooperation mit dem Umweltzentrum Fulda vom 01.11.2013 \u2013 12.01.2014 im Groenhoff-Haus auf der Wasserkuppe die Bildtafel-Ausstellung \u201eSchwarzstorch\u201c. Die Ausstellung informiert \u00fcber Themen wie z.B. Brutverhalten, Brutaufzucht, Lebensr\u00e4ume, Zugverhalten, Verbreitung und Vorkommen, Gef\u00e4hrdungs- sowie Schutzma\u00dfnahmen. Die Schautafeln wurden in Zusammenarbeit mit der Arbeitsgemeinschaft der anerkannten Naturschutzverb\u00e4nde im Landkreis &hellip;<\/p>\n<\/div>","protected":false},"author":1,"featured_media":0,"comment_status":"closed","ping_status":"closed","sticky":false,"template":"","format":"standard","meta":{"footnotes":""},"categories":[1,52],"tags":[],"class_list":["post-115854","post","type-post","status-publish","format-standard","hentry","category-startseite","category-umwelt"],"_links":{"self":[{"href":"https:\/\/www.fuldaernachrichten.de\/index.php?rest_route=\/wp\/v2\/posts\/115854","targetHints":{"allow":["GET"]}}],"collection":[{"href":"https:\/\/www.fuldaernachrichten.de\/index.php?rest_route=\/wp\/v2\/posts"}],"about":[{"href":"https:\/\/www.fuldaernachrichten.de\/index.php?rest_route=\/wp\/v2\/types\/post"}],"author":[{"embeddable":true,"href":"https:\/\/www.fuldaernachrichten.de\/index.php?rest_route=\/wp\/v2\/users\/1"}],"replies":[{"embeddable":true,"href":"https:\/\/www.fuldaernachrichten.de\/index.php?rest_route=%2Fwp%2Fv2%2Fcomments&post=115854"}],"version-history":[{"count":1,"href":"https:\/\/www.fuldaernachrichten.de\/index.php?rest_route=\/wp\/v2\/posts\/115854\/revisions"}],"predecessor-version":[{"id":115855,"href":"https:\/\/www.fuldaernachrichten.de\/index.php?rest_route=\/wp\/v2\/posts\/115854\/revisions\/115855"}],"wp:attachment":[{"href":"https:\/\/www.fuldaernachrichten.de\/index.php?rest_route=%2Fwp%2Fv2%2Fmedia&parent=115854"}],"wp:term":[{"taxonomy":"category","embeddable":true,"href":"https:\/\/www.fuldaernachrichten.de\/index.php?rest_route=%2Fwp%2Fv2%2Fcategories&post=115854"},{"taxonomy":"post_tag","embeddable":true,"href":"https:\/\/www.fuldaernachrichten.de\/index.php?rest_route=%2Fwp%2Fv2%2Ftags&post=115854"}],"curies":[{"name":"wp","href":"https:\/\/api.w.org\/{rel}","templated":true}]}}