{"id":115841,"date":"2013-10-26T00:31:00","date_gmt":"2013-10-26T00:31:00","guid":{"rendered":"http:\/\/www.fuldaer-nachrichten.de\/?p=115841"},"modified":"2013-10-26T08:39:14","modified_gmt":"2013-10-26T08:39:14","slug":"hybrid-die-zukunft-fuer-auto-und-haus-grosser-aktionstag-von-oelwaerme-plus-und-autohaus-geissenhoener","status":"publish","type":"post","link":"https:\/\/www.fuldaernachrichten.de\/?p=115841","title":{"rendered":"Hybrid \u2013 die Zukunft f\u00fcr Auto und Haus &#8211; Gro\u00dfer Aktionstag von \u00d6lw\u00e4rme Plus und Autohaus Gei\u00dfenh\u00f6ner am 16. November"},"content":{"rendered":"<p><a href=\"http:\/\/www.fuldaer-nachrichten.de\/wp-content\/uploads\/2013\/10\/April-2010-004.jpg\"><img fetchpriority=\"high\" decoding=\"async\" class=\"alignnone size-full wp-image-115842\" alt=\"April 2010 004\" src=\"http:\/\/www.fuldaer-nachrichten.de\/wp-content\/uploads\/2013\/10\/April-2010-004.jpg\" width=\"560\" height=\"327\" \/><\/a><\/p>\n<p>Petersberg. Alternative Antriebe f\u00fcr Kraftfahrzeuge, umweltfreundliche und besonders sparsame Module f\u00fcr moderne Heizungsanlagen \u2013 Hybrid-Technik ist in aller Munde. \u201eWas allerdings Hybrid \u2013 also die Kombination verschiedener Systeme \u2013konkret bedeutet, wissen viele Verbraucher noch nicht so recht\u201c, sagt Bernd Breidung, Sprecher der \u00d6lw\u00e4rme Plus Osthessen. Deshalb m\u00f6chten der Zusammenschluss regionaler Heizungsbauer und Mineral\u00f6lh\u00e4ndler und das Toyota-Autohaus Gei\u00dfenh\u00f6ner mit einem gro\u00dfen Aktionstag am Samstag, 16. November, rund um \u201edie Zukunft f\u00fcr Auto und Haus\u201c informieren. Unter dem Motto \u201eHybrid Hoch 2\u201c halten die beiden Veranstalter von 10 bis 16 Uhr im Petersberger Autohaus Gei\u00dfenh\u00f6ner, Alte Ziegelei 22 (Gewerbegebiet), ein umfangreiches Programm f\u00fcr Autofans, Bauherren, Renovierer sowie Angebote f\u00fcr Kinder bereit. Ebenso wartet ein gro\u00dfes Gewinnspiel rund ums Energiesparen auf die Besucher.<!--more--><\/p>\n<p>\u201eEinen Informationstag in dieser Kombination hat es in der Region bisher noch nicht gegeben\u201c, berichtet Lars Weber, Filialleiter des Autohauses im Petersberger Gewerbegebiet. \u201eHybrid Hoch 2\u201c biete weit mehr als klassische Auskunft \u00fcber Marktneuerungen. \u201eWir gew\u00e4hren den Besuchern mit unserem Beitrag zu den Fuldaer Energiesparwochen 2013 praktische Einblicke in die moderne Hybrid-Technik, bei der auch der Spa\u00df nicht zu kurz kommt. Kurzum: Da ist f\u00fcr die ganze Familie etwas dabei.\u201c<\/p>\n<p><a href=\"http:\/\/www.fuldaer-nachrichten.de\/wp-content\/uploads\/2013\/10\/300dpi-pb-110005-2.jpg\"><img decoding=\"async\" class=\"alignleft size-thumbnail wp-image-115843\" alt=\"300dpi-pb-110005-2\" src=\"http:\/\/www.fuldaer-nachrichten.de\/wp-content\/uploads\/2013\/10\/300dpi-pb-110005-2-265x220.jpg\" width=\"265\" height=\"220\" srcset=\"https:\/\/www.fuldaernachrichten.de\/wp-content\/uploads\/2013\/10\/300dpi-pb-110005-2-265x220.jpg 265w, https:\/\/www.fuldaernachrichten.de\/wp-content\/uploads\/2013\/10\/300dpi-pb-110005-2.jpg 600w\" sizes=\"(max-width: 265px) 100vw, 265px\" \/><\/a>Kompetente Ansprechpartner rund um das Thema \u00d6lw\u00e4rme und Hybrid-Heizung sind die anwesenden Mitglieder der \u00d6lw\u00e4rme Plus Osthessen, die etwa Fragen beantworten wie: Worauf kommt es bei einer Heizungsanlage an? Welcher Energietr\u00e4ger ist f\u00fcr mich der richtige? Wie k\u00f6nnen Sonnenenergie und Holz mit \u00d6l kombiniert werden? Im gro\u00dfen Viessmann-Schauwagen im Au\u00dfengel\u00e4nde gibt es passend dazu \u00d6lbrennwerttechnik, Solartechnik, eine Brauchwasserw\u00e4rmepumpe und einen Pufferspeicher \u201ezum Anfassen\u201c sowie Erkl\u00e4rungen vom Fachmann. Ein moderner \u00d6l-Brennwertkessel von Buderus kann in der Autohausausstellung unter die Lupe genommen werden. Allgemeine Informationen zum Thema erhalten Interessierte bei einem unabh\u00e4ngigen Energieberater des Instituts f\u00fcr W\u00e4rme und Oeltechnik (IWO).<\/p>\n<p>Das Autohaus Gei\u00dfenh\u00f6ner zeigt am Beispiel der besonders sparsamen Toyota-Modelle Yaris, Auris und Prius, was Hybrid-Technik heute im Auto leisten kann. \u201eAls Vorreiter dieser Technik hat Toyota in den vergangenen zehn Jahren mehr als 4600 Patente f\u00fcr Hybrid- und Elektrofahrzeuge angemeldet und f\u00fcnf Millionen Hybrid-Fahrzeuge weltweit auf die Stra\u00dfe gebracht\u201c, hebt Lars Weber hervor. \u201eWir zeigen den Besuchern, wie ein Hybrid-Fahrzeug mit Verbrennungsmotor startet, um kurz darauf auf elektrischen Betrieb umzuschalten.\u201c Erkl\u00e4rungen dazu gibt es laut Weber nicht nur an einem Querschnittmodell, das einen Blick ins Innere des Autos erlaubt, sondern auch direkt am Steuer. Denn das Autohaus Gei\u00dfenh\u00f6ner l\u00e4dt im Rahmen des Aktionstags zu kostenlosen Probefahrten in aktuellen Hybrid-Modellen ein. \u201eVier Autos aus unserer Flotte von Hybrid-Fahrzeugen stehen den Besuchern zur Verf\u00fcgung.\u201c Bei den kleinen Touren sei immer ein Techniker mit an Bord, der genau erl\u00e4utere, was sich gerade im Motorraum abspielt.<\/p>\n<p>Zus\u00e4tzliches Highlight: Alle Probefahrer nehmen an einem Gewinnspiel teil, bei dem am Ende der \u201eSpritsparmeister des Tages\u201c gek\u00fcrt wird. \u201eDenn der Bordcomputer der Wagen wertet genau aus, wer am wenigsten Energie verbraucht hat\u201c, erl\u00e4utert der Filialleiter. \u201eDer Gewinner darf sich \u00fcber ein Wochenende mit dem Yaris Hybrid freuen, und die \u00d6lw\u00e4rme Plus sponsert dazu noch einen Tankgutschein im Wert von 50 Euro.\u201c<\/p>\n<p>Im bunten Rahmenprogramm des Aktionstags kommen auch die Kleinsten nicht zu kurz \u2013 f\u00fcr sie gibt es vor Ort eine H\u00fcpfburg, \u201eLuftikus\u201c-Ballonfun sowie Kinderschminken. F\u00fcrs leibliche Wohl ist unter anderem mit Th\u00fcringer Rostbratw\u00fcrsten vom Holzkohlegrill und Kreuzbergbier gesorgt.<\/p>\n<p>Weitere Informationen unter <a href=\"http:\/\/www.toyota-fulda.de\">www.toyota-fulda.de<\/a> und <a href=\"http:\/\/www.%9Alw%8Armeplus.de\">www.\u00f6lw\u00e4rmeplus.de<\/a>.<\/p>\n","protected":false},"excerpt":{"rendered":"<div class=\"tmnf_excerpt\"><p>Petersberg. Alternative Antriebe f\u00fcr Kraftfahrzeuge, umweltfreundliche und besonders sparsame Module f\u00fcr moderne Heizungsanlagen \u2013 Hybrid-Technik ist in aller Munde. \u201eWas allerdings Hybrid \u2013 also die Kombination verschiedener Systeme \u2013konkret bedeutet, wissen viele Verbraucher noch nicht so recht\u201c, sagt Bernd Breidung, Sprecher der \u00d6lw\u00e4rme Plus Osthessen. Deshalb m\u00f6chten der Zusammenschluss regionaler Heizungsbauer und Mineral\u00f6lh\u00e4ndler und das &hellip;<\/p>\n<\/div>","protected":false},"author":1,"featured_media":0,"comment_status":"closed","ping_status":"closed","sticky":false,"template":"","format":"standard","meta":{"footnotes":""},"categories":[1,35,78],"tags":[],"class_list":["post-115841","post","type-post","status-publish","format-standard","hentry","category-startseite","category-auto","category-topthema"],"_links":{"self":[{"href":"https:\/\/www.fuldaernachrichten.de\/index.php?rest_route=\/wp\/v2\/posts\/115841","targetHints":{"allow":["GET"]}}],"collection":[{"href":"https:\/\/www.fuldaernachrichten.de\/index.php?rest_route=\/wp\/v2\/posts"}],"about":[{"href":"https:\/\/www.fuldaernachrichten.de\/index.php?rest_route=\/wp\/v2\/types\/post"}],"author":[{"embeddable":true,"href":"https:\/\/www.fuldaernachrichten.de\/index.php?rest_route=\/wp\/v2\/users\/1"}],"replies":[{"embeddable":true,"href":"https:\/\/www.fuldaernachrichten.de\/index.php?rest_route=%2Fwp%2Fv2%2Fcomments&post=115841"}],"version-history":[{"count":4,"href":"https:\/\/www.fuldaernachrichten.de\/index.php?rest_route=\/wp\/v2\/posts\/115841\/revisions"}],"predecessor-version":[{"id":115850,"href":"https:\/\/www.fuldaernachrichten.de\/index.php?rest_route=\/wp\/v2\/posts\/115841\/revisions\/115850"}],"wp:attachment":[{"href":"https:\/\/www.fuldaernachrichten.de\/index.php?rest_route=%2Fwp%2Fv2%2Fmedia&parent=115841"}],"wp:term":[{"taxonomy":"category","embeddable":true,"href":"https:\/\/www.fuldaernachrichten.de\/index.php?rest_route=%2Fwp%2Fv2%2Fcategories&post=115841"},{"taxonomy":"post_tag","embeddable":true,"href":"https:\/\/www.fuldaernachrichten.de\/index.php?rest_route=%2Fwp%2Fv2%2Ftags&post=115841"}],"curies":[{"name":"wp","href":"https:\/\/api.w.org\/{rel}","templated":true}]}}