{"id":115836,"date":"2013-10-26T08:29:20","date_gmt":"2013-10-26T08:29:20","guid":{"rendered":"http:\/\/www.fuldaer-nachrichten.de\/?p=115836"},"modified":"2013-10-26T08:29:20","modified_gmt":"2013-10-26T08:29:20","slug":"vhs-kurs-spanisch-fuer-den-urlaub","status":"publish","type":"post","link":"https:\/\/www.fuldaernachrichten.de\/?p=115836","title":{"rendered":"vhs-Kurs Spanisch f\u00fcr den Urlaub"},"content":{"rendered":"<p>Fulda. Unter Leitung von Yadit Martell bietet die Volkshochschule des Landkreises Fulda einen Spanischkurs f\u00fcr Urlauber an, die \u00fcber keine Vorkenntnisse verf\u00fcgen. Der Kurs beginnt am Mittwoch, 6. November, um 18:30 Uhr im Eduard-Stieler-Campus in der Gebr\u00fcder-Grimm-Str. 5. Weitere Informationen bei der vhs-Gesch\u00e4ftsstelle, Telefon (0661)25199-0, oder unter <a href=\"http:\/\/www.vhs-fulda.de\">www.vhs-fulda.de<\/a><span style=\"text-decoration: underline;\">.<\/span><\/p>\n","protected":false},"excerpt":{"rendered":"<div class=\"tmnf_excerpt\"><p>Fulda. Unter Leitung von Yadit Martell bietet die Volkshochschule des Landkreises Fulda einen Spanischkurs f\u00fcr Urlauber an, die \u00fcber keine Vorkenntnisse verf\u00fcgen. Der Kurs beginnt am Mittwoch, 6. November, um 18:30 Uhr im Eduard-Stieler-Campus in der Gebr\u00fcder-Grimm-Str. 5. Weitere Informationen bei der vhs-Gesch\u00e4ftsstelle, Telefon (0661)25199-0, oder unter www.vhs-fulda.de.<\/p>\n<\/div>","protected":false},"author":1,"featured_media":0,"comment_status":"closed","ping_status":"closed","sticky":false,"template":"","format":"standard","meta":{"footnotes":""},"categories":[1,53],"tags":[],"class_list":["post-115836","post","type-post","status-publish","format-standard","hentry","category-startseite","category-bildung"],"_links":{"self":[{"href":"https:\/\/www.fuldaernachrichten.de\/index.php?rest_route=\/wp\/v2\/posts\/115836","targetHints":{"allow":["GET"]}}],"collection":[{"href":"https:\/\/www.fuldaernachrichten.de\/index.php?rest_route=\/wp\/v2\/posts"}],"about":[{"href":"https:\/\/www.fuldaernachrichten.de\/index.php?rest_route=\/wp\/v2\/types\/post"}],"author":[{"embeddable":true,"href":"https:\/\/www.fuldaernachrichten.de\/index.php?rest_route=\/wp\/v2\/users\/1"}],"replies":[{"embeddable":true,"href":"https:\/\/www.fuldaernachrichten.de\/index.php?rest_route=%2Fwp%2Fv2%2Fcomments&post=115836"}],"version-history":[{"count":1,"href":"https:\/\/www.fuldaernachrichten.de\/index.php?rest_route=\/wp\/v2\/posts\/115836\/revisions"}],"predecessor-version":[{"id":115837,"href":"https:\/\/www.fuldaernachrichten.de\/index.php?rest_route=\/wp\/v2\/posts\/115836\/revisions\/115837"}],"wp:attachment":[{"href":"https:\/\/www.fuldaernachrichten.de\/index.php?rest_route=%2Fwp%2Fv2%2Fmedia&parent=115836"}],"wp:term":[{"taxonomy":"category","embeddable":true,"href":"https:\/\/www.fuldaernachrichten.de\/index.php?rest_route=%2Fwp%2Fv2%2Fcategories&post=115836"},{"taxonomy":"post_tag","embeddable":true,"href":"https:\/\/www.fuldaernachrichten.de\/index.php?rest_route=%2Fwp%2Fv2%2Ftags&post=115836"}],"curies":[{"name":"wp","href":"https:\/\/api.w.org\/{rel}","templated":true}]}}