{"id":115829,"date":"2013-10-25T09:02:02","date_gmt":"2013-10-25T09:02:02","guid":{"rendered":"http:\/\/www.fuldaer-nachrichten.de\/?p=115829"},"modified":"2013-10-25T14:03:07","modified_gmt":"2013-10-25T14:03:07","slug":"vortrag-demenz-und-die-begleitung-durch-familienangehoerige","status":"publish","type":"post","link":"https:\/\/www.fuldaernachrichten.de\/?p=115829","title":{"rendered":"Vortrag: Demenz und die Begleitung durch Familienangeh\u00f6rige"},"content":{"rendered":"<p>Fulda. Die Mehrheit der von Demenz betroffenen Menschen wird von Familienangeh\u00f6rigen im h\u00e4uslichen Umfeld begleitet. Nicht selten sind die betreuenden Angeh\u00f6rigen \u00fcber viele Stunden am Tag und in der Nacht eingespannt. Mehrheitlich Frauen \u00fcbernehmen Pflege und Betreuung und f\u00fchlen sich in ihrer Situationen alleine. Die famili\u00e4re Situation leidet. Psychogerontologin Andrea Bender-Nickel geht in ihrem Vortrag auf Symptome der Demenz ein, zeigt in Beispielen typische Situationen der famili\u00e4ren Belastung auf und m\u00f6chte Tipps f\u00fcr die Kommunikation sowie die Alltags- und Freizeitgestaltung weitergeben. Der Vortrag,\u00c2\u00a0am Dienstag, den 29. Oktober 2013, 19:00 Uhr im Caf\u00e9 Kultur, Pflegestift Mediana, richtet sich an Interessierte und Betroffene. Der Eintritt ist frei.<\/p>\n<p><b>\u00c2\u00a0<\/b><\/p>\n<p>&nbsp;<\/p>\n","protected":false},"excerpt":{"rendered":"<div class=\"tmnf_excerpt\"><p>Fulda. Die Mehrheit der von Demenz betroffenen Menschen wird von Familienangeh\u00f6rigen im h\u00e4uslichen Umfeld begleitet. Nicht selten sind die betreuenden Angeh\u00f6rigen \u00fcber viele Stunden am Tag und in der Nacht eingespannt. Mehrheitlich Frauen \u00fcbernehmen Pflege und Betreuung und f\u00fchlen sich in ihrer Situationen alleine. Die famili\u00e4re Situation leidet. Psychogerontologin Andrea Bender-Nickel geht in ihrem Vortrag &hellip;<\/p>\n<\/div>","protected":false},"author":1,"featured_media":0,"comment_status":"closed","ping_status":"closed","sticky":false,"template":"","format":"standard","meta":{"footnotes":""},"categories":[1,51],"tags":[],"class_list":["post-115829","post","type-post","status-publish","format-standard","hentry","category-startseite","category-medizin"],"_links":{"self":[{"href":"https:\/\/www.fuldaernachrichten.de\/index.php?rest_route=\/wp\/v2\/posts\/115829","targetHints":{"allow":["GET"]}}],"collection":[{"href":"https:\/\/www.fuldaernachrichten.de\/index.php?rest_route=\/wp\/v2\/posts"}],"about":[{"href":"https:\/\/www.fuldaernachrichten.de\/index.php?rest_route=\/wp\/v2\/types\/post"}],"author":[{"embeddable":true,"href":"https:\/\/www.fuldaernachrichten.de\/index.php?rest_route=\/wp\/v2\/users\/1"}],"replies":[{"embeddable":true,"href":"https:\/\/www.fuldaernachrichten.de\/index.php?rest_route=%2Fwp%2Fv2%2Fcomments&post=115829"}],"version-history":[{"count":1,"href":"https:\/\/www.fuldaernachrichten.de\/index.php?rest_route=\/wp\/v2\/posts\/115829\/revisions"}],"predecessor-version":[{"id":115830,"href":"https:\/\/www.fuldaernachrichten.de\/index.php?rest_route=\/wp\/v2\/posts\/115829\/revisions\/115830"}],"wp:attachment":[{"href":"https:\/\/www.fuldaernachrichten.de\/index.php?rest_route=%2Fwp%2Fv2%2Fmedia&parent=115829"}],"wp:term":[{"taxonomy":"category","embeddable":true,"href":"https:\/\/www.fuldaernachrichten.de\/index.php?rest_route=%2Fwp%2Fv2%2Fcategories&post=115829"},{"taxonomy":"post_tag","embeddable":true,"href":"https:\/\/www.fuldaernachrichten.de\/index.php?rest_route=%2Fwp%2Fv2%2Ftags&post=115829"}],"curies":[{"name":"wp","href":"https:\/\/api.w.org\/{rel}","templated":true}]}}