{"id":115827,"date":"2013-10-25T14:00:46","date_gmt":"2013-10-25T14:00:46","guid":{"rendered":"http:\/\/www.fuldaer-nachrichten.de\/?p=115827"},"modified":"2013-10-25T14:00:46","modified_gmt":"2013-10-25T14:00:46","slug":"20-energiesparwochen-vom-31-oktober-bis-29-november-2013","status":"publish","type":"post","link":"https:\/\/www.fuldaernachrichten.de\/?p=115827","title":{"rendered":"20. Energiesparwochen vom 31. Oktober bis  29. November 2013"},"content":{"rendered":"<p>Fulda. Zum Auftakt der \u201e20. Fuldaer Energiesparwochen\u201c l\u00e4dt die Stadt Fulda alle Interessierten am Donnerstag, 31. Oktober 2013 in den Marmorsaal des Stadtschlosses Fulda. Dort wird Prof. Dr. Harry Lehmann um 20.00 Uhr einen Vortrag zu \u201eNationalen Perspektiven f\u00fcr den kommunalen Klimaschutz\u201c halten. Prof. Lehmann ist Direktor im Umweltbundesamt (UBA). Der hochrangige Klimaschutzexperte ist beim UBA zust\u00e4ndig f\u00fcr Umweltschutzziele der Nachhaltigen Entwicklung und formuliert Umweltschutzstrategien f\u00fcr die Bundesrepublik im internationalen Kontext. <!--more--><\/p>\n<p>Weiterhin ist er Pr\u00e4sident des Faktor X Club und Executive Chairman im World Council for Renewable Energies.<br \/>\n\u201eDer Klimaschutz ist eine der gr\u00f6\u00dften aktuellen Herausforderungen der Menschheit\u201c, so Stadtbaur\u00e4tin Cornelia Zuschke in ihrer Ank\u00fcndigung der Veranstaltung. \u201eSie wird nur zu meistern sein, wenn die Energieversorgung in Industriestaaten wie Deutschland st\u00e4rker auf erneuerbare Energien ausgerichtet und eine bessere Energieeffizienz erreicht wird. Mit Prof. Dr. Lehmann konnten wir einen herausragenden Referenten f\u00fcr die perspektivischen Entwicklungen auf diesem Gebiet gewinnen\u201c Der Eintritt zur Vortragsveranstaltung ist frei. Anmeldung bei Frau Juliana Frey, Telefon: 0661-102 1065, juliana.frey@fulda.de).<\/p>\n<p>Zum 20. Mal finden in diesem Jahr die \u201eFuldaer Energiesparwochen\u201c statt. Unter Schirmherrschaft von Fuldas Oberb\u00fcrgermeister Gerhard M\u00f6ller hat der \u201eArbeitskreis Energiesparen\u201c in diesem Jahr ein besonders vielf\u00e4ltiges Programm aufgelegt. Am Samstag, 02. November, laden von 10.00 \u2013 16.00 Uhr auf dem Universit\u00e4tsplatz Informationsst\u00e4nde mit Ausstellungen und Beratungsm\u00f6glichkeiten ein.<\/p>\n<p>In den nachfolgenden Wochen werde weitere Informations- und Diskussionsveranstaltungen zu unterschiedlichen Aspekten des Themas \u201eEnergie\u201c angeboten. Es geht um Windenergie, energetische Geb\u00e4udesanierung, Erdw\u00e4rmenutzung, Heizung, moderne Lichttechnik und Mobilit\u00e4t.<\/p>\n<p>Insgesamt 18 Veranstaltungen sind in diesem Jahr vorbereitet. Der \u201eArbeitskreis Energiesparwochen\u201c setzt sich aus den wesentlichen Energietr\u00e4gern und Energieakteure in Stadt und Kreis Fulda zusammen. Die Gas-, Strom- und \u00d6lwirtschaft ist ebenso beteiligt wie Vertreter der regenerativen Energien. Institutionen mit einem speziellen Vertriebsinteresse tauschen sich mit wirtschaftlich unabh\u00e4ngigen Bildungs- und Beratungseinrichtungen sowie dem Bistum, Verb\u00e4nden und Initiativen aus. Auch die Stadt- und Kreisverwaltungen wirken von Anbeginn mit. Das komplette Programm der diesj\u00e4hrigen Energiesparwochen befindet sich im Internet unter:<\/p>\n<p>www.fulda.de und<br \/>\nwww.umweltzentrum-fulda.de<\/p>\n","protected":false},"excerpt":{"rendered":"<div class=\"tmnf_excerpt\"><p>Fulda. Zum Auftakt der \u201e20. Fuldaer Energiesparwochen\u201c l\u00e4dt die Stadt Fulda alle Interessierten am Donnerstag, 31. Oktober 2013 in den Marmorsaal des Stadtschlosses Fulda. Dort wird Prof. Dr. Harry Lehmann um 20.00 Uhr einen Vortrag zu \u201eNationalen Perspektiven f\u00fcr den kommunalen Klimaschutz\u201c halten. Prof. Lehmann ist Direktor im Umweltbundesamt (UBA). Der hochrangige Klimaschutzexperte ist beim &hellip;<\/p>\n<\/div>","protected":false},"author":1,"featured_media":0,"comment_status":"closed","ping_status":"closed","sticky":false,"template":"","format":"standard","meta":{"footnotes":""},"categories":[1,29,52],"tags":[],"class_list":["post-115827","post","type-post","status-publish","format-standard","hentry","category-startseite","category-politik","category-umwelt"],"_links":{"self":[{"href":"https:\/\/www.fuldaernachrichten.de\/index.php?rest_route=\/wp\/v2\/posts\/115827","targetHints":{"allow":["GET"]}}],"collection":[{"href":"https:\/\/www.fuldaernachrichten.de\/index.php?rest_route=\/wp\/v2\/posts"}],"about":[{"href":"https:\/\/www.fuldaernachrichten.de\/index.php?rest_route=\/wp\/v2\/types\/post"}],"author":[{"embeddable":true,"href":"https:\/\/www.fuldaernachrichten.de\/index.php?rest_route=\/wp\/v2\/users\/1"}],"replies":[{"embeddable":true,"href":"https:\/\/www.fuldaernachrichten.de\/index.php?rest_route=%2Fwp%2Fv2%2Fcomments&post=115827"}],"version-history":[{"count":1,"href":"https:\/\/www.fuldaernachrichten.de\/index.php?rest_route=\/wp\/v2\/posts\/115827\/revisions"}],"predecessor-version":[{"id":115828,"href":"https:\/\/www.fuldaernachrichten.de\/index.php?rest_route=\/wp\/v2\/posts\/115827\/revisions\/115828"}],"wp:attachment":[{"href":"https:\/\/www.fuldaernachrichten.de\/index.php?rest_route=%2Fwp%2Fv2%2Fmedia&parent=115827"}],"wp:term":[{"taxonomy":"category","embeddable":true,"href":"https:\/\/www.fuldaernachrichten.de\/index.php?rest_route=%2Fwp%2Fv2%2Fcategories&post=115827"},{"taxonomy":"post_tag","embeddable":true,"href":"https:\/\/www.fuldaernachrichten.de\/index.php?rest_route=%2Fwp%2Fv2%2Ftags&post=115827"}],"curies":[{"name":"wp","href":"https:\/\/api.w.org\/{rel}","templated":true}]}}