{"id":115823,"date":"2013-10-25T13:58:12","date_gmt":"2013-10-25T13:58:12","guid":{"rendered":"http:\/\/www.fuldaer-nachrichten.de\/?p=115823"},"modified":"2013-10-25T13:58:12","modified_gmt":"2013-10-25T13:58:12","slug":"agentur-fuer-arbeit-bad-hersfeld-fulda-informiert-berufsrueckkehrende","status":"publish","type":"post","link":"https:\/\/www.fuldaernachrichten.de\/?p=115823","title":{"rendered":"Agentur f\u00fcr Arbeit Bad Hersfeld-Fulda informiert Berufsr\u00fcckkehrende"},"content":{"rendered":"<p>Fulda. Interessierte Frauen und M\u00e4nner haben am 31. Oktober die M\u00f6glichkeit, an einem Seminar zum Thema beruflicher Wiedereinstieg nach Familienarbeit teilzunehmen. Die Agentur f\u00fcr Arbeit m\u00f6chte mit diesem Angebot Berufsr\u00fcckkehrende bei der Bestimmung ihres Standortes und der Planung ihres Wiedereinstiegs unterst\u00fctzen. M\u00fctter und V\u00e4ter, die ihre berufliche T\u00e4tigkeit wegen der Betreuung von Kindern unterbrochen haben, erhalten Informationen zum Arbeitsmarkt, M\u00f6glichkeiten und Wege zum Wiedereinstieg in das Berufsleben sowie entsprechende Hilfen. <!--more--><\/p>\n<p>Regionale Informationsangebote und M\u00f6glichkeiten der Selbstinformation werden ebenso thematisiert. Hinweise zu Minijobs und Kompetenzfeststellung runden das Informationsangebot ab. Das Seminar richtet sich auch an Arbeitnehmerinnen und Arbeitnehmer, die sich nach der Pflege von Angeh\u00f6rigen wieder beruflich orientieren m\u00f6chten. Die Veranstaltung beginnt um 10 Uhr (Dauer etwa eine Stunden) im Gruppenraum des Berufsinformationszentrums der Fuldaer Arbeitsagentur (Rangstr. 4, 36037 Fulda). Aufgrund der begrenzten Teilnehmerzahl ist eine Anmeldung erforderlich.<\/p>\n<p><strong>Kontakt<\/strong><br \/>\nTel.: 06621 \/ 209 \u2013 543<br \/>\nE-Mail: BadHersfeld-Fulda.BCA@arbeitsagentur.de<\/p>\n","protected":false},"excerpt":{"rendered":"<div class=\"tmnf_excerpt\"><p>Fulda. Interessierte Frauen und M\u00e4nner haben am 31. Oktober die M\u00f6glichkeit, an einem Seminar zum Thema beruflicher Wiedereinstieg nach Familienarbeit teilzunehmen. Die Agentur f\u00fcr Arbeit m\u00f6chte mit diesem Angebot Berufsr\u00fcckkehrende bei der Bestimmung ihres Standortes und der Planung ihres Wiedereinstiegs unterst\u00fctzen. M\u00fctter und V\u00e4ter, die ihre berufliche T\u00e4tigkeit wegen der Betreuung von Kindern unterbrochen haben, &hellip;<\/p>\n<\/div>","protected":false},"author":1,"featured_media":0,"comment_status":"closed","ping_status":"closed","sticky":false,"template":"","format":"standard","meta":{"footnotes":""},"categories":[1,53],"tags":[],"class_list":["post-115823","post","type-post","status-publish","format-standard","hentry","category-startseite","category-bildung"],"_links":{"self":[{"href":"https:\/\/www.fuldaernachrichten.de\/index.php?rest_route=\/wp\/v2\/posts\/115823","targetHints":{"allow":["GET"]}}],"collection":[{"href":"https:\/\/www.fuldaernachrichten.de\/index.php?rest_route=\/wp\/v2\/posts"}],"about":[{"href":"https:\/\/www.fuldaernachrichten.de\/index.php?rest_route=\/wp\/v2\/types\/post"}],"author":[{"embeddable":true,"href":"https:\/\/www.fuldaernachrichten.de\/index.php?rest_route=\/wp\/v2\/users\/1"}],"replies":[{"embeddable":true,"href":"https:\/\/www.fuldaernachrichten.de\/index.php?rest_route=%2Fwp%2Fv2%2Fcomments&post=115823"}],"version-history":[{"count":1,"href":"https:\/\/www.fuldaernachrichten.de\/index.php?rest_route=\/wp\/v2\/posts\/115823\/revisions"}],"predecessor-version":[{"id":115824,"href":"https:\/\/www.fuldaernachrichten.de\/index.php?rest_route=\/wp\/v2\/posts\/115823\/revisions\/115824"}],"wp:attachment":[{"href":"https:\/\/www.fuldaernachrichten.de\/index.php?rest_route=%2Fwp%2Fv2%2Fmedia&parent=115823"}],"wp:term":[{"taxonomy":"category","embeddable":true,"href":"https:\/\/www.fuldaernachrichten.de\/index.php?rest_route=%2Fwp%2Fv2%2Fcategories&post=115823"},{"taxonomy":"post_tag","embeddable":true,"href":"https:\/\/www.fuldaernachrichten.de\/index.php?rest_route=%2Fwp%2Fv2%2Ftags&post=115823"}],"curies":[{"name":"wp","href":"https:\/\/api.w.org\/{rel}","templated":true}]}}