{"id":115810,"date":"2013-10-25T13:49:26","date_gmt":"2013-10-25T13:49:26","guid":{"rendered":"http:\/\/www.fuldaer-nachrichten.de\/?p=115810"},"modified":"2013-10-25T13:49:26","modified_gmt":"2013-10-25T13:49:26","slug":"volkslieder-rhoener-wirtshaussingen-im-oktober","status":"publish","type":"post","link":"https:\/\/www.fuldaernachrichten.de\/?p=115810","title":{"rendered":"Volkslieder- &#038; Rh\u00f6ner Wirtshaussingen im Oktober"},"content":{"rendered":"<p><a href=\"http:\/\/www.fuldaer-nachrichten.de\/wp-content\/uploads\/2013\/10\/Volkslieder.png\"><img fetchpriority=\"high\" decoding=\"async\" class=\"alignleft size-thumbnail wp-image-115811\" alt=\"Volkslieder\" src=\"http:\/\/www.fuldaer-nachrichten.de\/wp-content\/uploads\/2013\/10\/Volkslieder-265x198.png\" width=\"265\" height=\"198\" srcset=\"https:\/\/www.fuldaernachrichten.de\/wp-content\/uploads\/2013\/10\/Volkslieder-265x198.png 265w, https:\/\/www.fuldaernachrichten.de\/wp-content\/uploads\/2013\/10\/Volkslieder.png 454w\" sizes=\"(max-width: 265px) 100vw, 265px\" \/><\/a>Ehrenberg\/W\u00fcstensachsen. Das beliebte Volkslieder- und Rh\u00f6ner Wirtshaussingen im Rh\u00f6ner Landhotel Haus zur Wasserkuppe in W\u00fcstensachsen findet auch in diesem Monat wieder am letzten Montag statt. Am 28. Oktober um 19.00 Uhr sind wieder alle Freunde der Rh\u00f6n- und Volkslieder sowie der Steirischen Musik herzlich zu diesem gem\u00fctlichen Abend eingeladen, in gem\u00fctlicher Runde gemeinsam zu musizieren und zu singen. F\u00fcr Speis und Trank ist wie immer mit Rh\u00f6ner Spezialit\u00e4ten sowie mit Oktoberfestspezialit\u00e4ten wie Obatzter, Wei\u00dfw\u00fcrstchen, Leberk\u00e4se sowie Grillhaxen und Grillh\u00e4hnchen auf Vorbestellung bestens gesorgt. Der Eintritt ist frei. Das n\u00e4chste Volksliedersingen findet am letzten Montag im November statt. Der Jahreskalender 2014 gibt es auf telefonische Anforderung unter Tel. 06683-600 oder ab November im Internet unter <a href=\"http:\/\/www.haus-zur-wasserkuppe.de\/\">www.haus-zur-wasserkuppe.de<\/a><\/p>\n","protected":false},"excerpt":{"rendered":"<div class=\"tmnf_excerpt\"><p>Ehrenberg\/W\u00fcstensachsen. Das beliebte Volkslieder- und Rh\u00f6ner Wirtshaussingen im Rh\u00f6ner Landhotel Haus zur Wasserkuppe in W\u00fcstensachsen findet auch in diesem Monat wieder am letzten Montag statt. Am 28. Oktober um 19.00 Uhr sind wieder alle Freunde der Rh\u00f6n- und Volkslieder sowie der Steirischen Musik herzlich zu diesem gem\u00fctlichen Abend eingeladen, in gem\u00fctlicher Runde gemeinsam zu musizieren &hellip;<\/p>\n<\/div>","protected":false},"author":1,"featured_media":0,"comment_status":"closed","ping_status":"closed","sticky":false,"template":"","format":"standard","meta":{"footnotes":""},"categories":[1,52],"tags":[],"class_list":["post-115810","post","type-post","status-publish","format-standard","hentry","category-startseite","category-umwelt"],"_links":{"self":[{"href":"https:\/\/www.fuldaernachrichten.de\/index.php?rest_route=\/wp\/v2\/posts\/115810","targetHints":{"allow":["GET"]}}],"collection":[{"href":"https:\/\/www.fuldaernachrichten.de\/index.php?rest_route=\/wp\/v2\/posts"}],"about":[{"href":"https:\/\/www.fuldaernachrichten.de\/index.php?rest_route=\/wp\/v2\/types\/post"}],"author":[{"embeddable":true,"href":"https:\/\/www.fuldaernachrichten.de\/index.php?rest_route=\/wp\/v2\/users\/1"}],"replies":[{"embeddable":true,"href":"https:\/\/www.fuldaernachrichten.de\/index.php?rest_route=%2Fwp%2Fv2%2Fcomments&post=115810"}],"version-history":[{"count":1,"href":"https:\/\/www.fuldaernachrichten.de\/index.php?rest_route=\/wp\/v2\/posts\/115810\/revisions"}],"predecessor-version":[{"id":115812,"href":"https:\/\/www.fuldaernachrichten.de\/index.php?rest_route=\/wp\/v2\/posts\/115810\/revisions\/115812"}],"wp:attachment":[{"href":"https:\/\/www.fuldaernachrichten.de\/index.php?rest_route=%2Fwp%2Fv2%2Fmedia&parent=115810"}],"wp:term":[{"taxonomy":"category","embeddable":true,"href":"https:\/\/www.fuldaernachrichten.de\/index.php?rest_route=%2Fwp%2Fv2%2Fcategories&post=115810"},{"taxonomy":"post_tag","embeddable":true,"href":"https:\/\/www.fuldaernachrichten.de\/index.php?rest_route=%2Fwp%2Fv2%2Ftags&post=115810"}],"curies":[{"name":"wp","href":"https:\/\/api.w.org\/{rel}","templated":true}]}}