{"id":115802,"date":"2013-10-25T13:44:33","date_gmt":"2013-10-25T13:44:33","guid":{"rendered":"http:\/\/www.fuldaer-nachrichten.de\/?p=115802"},"modified":"2013-10-25T13:44:33","modified_gmt":"2013-10-25T13:44:33","slug":"was-menschen-und-unternehmen-erfolgreich-macht-themen-abend-von-gewerbeverein-neuhof-und-mit","status":"publish","type":"post","link":"https:\/\/www.fuldaernachrichten.de\/?p=115802","title":{"rendered":"Was Menschen und Unternehmen erfolgreich macht &#8211; Themen-Abend von Gewerbeverein Neuhof und MIT"},"content":{"rendered":"<p><a href=\"http:\/\/www.fuldaer-nachrichten.de\/wp-content\/uploads\/2013\/10\/Rudolf-Vogl-3.jpg\"><img decoding=\"async\" class=\"alignleft size-thumbnail wp-image-115803\" alt=\"Rudolf Vogl (3)\" src=\"http:\/\/www.fuldaer-nachrichten.de\/wp-content\/uploads\/2013\/10\/Rudolf-Vogl-3-265x175.jpg\" width=\"265\" height=\"175\" srcset=\"https:\/\/www.fuldaernachrichten.de\/wp-content\/uploads\/2013\/10\/Rudolf-Vogl-3-265x175.jpg 265w, https:\/\/www.fuldaernachrichten.de\/wp-content\/uploads\/2013\/10\/Rudolf-Vogl-3.jpg 600w\" sizes=\"(max-width: 265px) 100vw, 265px\" \/><\/a>Neuhof. Am Dienstag, 29. Oktober, laden um 20 Uhr der Gewerbeverein der Kaligemeinde Neuhof und die Mittelstands- und Wirtschaftsvereinigung der CDU\/CSU (MIT) zu einem Themenabend mit dem Anthropologen Rudolf Vogl in den Gasthof Ebert (\u201eDeutsches Haus\u201c) nach Neuhof ein. Der Eintritt ist frei!<!--more--><\/p>\n<p>Das Thema des Abends lautet \u201eWas Menschen und Unternehmen erfolgreich macht\u201c ist recht breit gefasst und daher richtet sich die Veranstaltung richtet auch an alle Unternehmer, Gewerbetreibende und Freiberufler in der Region. \u201eZu diesem Thema ist aus verst\u00e4ndlichen Gr\u00fcnden schon sehr viel nachgedacht, sehr viel geredet und auch sehr viel geschrieben worden. Es gibt eine F\u00fclle von Rezepten, wie man erfolgreicher werden kann\u201c, er\u00f6rtert Mathias F\u00f6ller, Vorsitzender des Gewerbevereins der Kaligemeinde Neuhof. Diese \u201eErfolgsrezepte\u201c seien aber oft einseitig und verwirrend, weil die betreffenden Autoren ganz bestimmte Eigenschaften und Methoden als Ursachen des Erfolges in den Vordergrund stellen.<\/p>\n<p>Ganz anders der Referent des Themenabends, Rudolf Vogl: \u201eEs gibt gl\u00fccklicherweise eine Anzahl von ganz pragmatischen Untersuchungen dar\u00fcber, bei denen man nicht von theoretischen oder ideologischen Voraussetzungen ausging, sondern die die Frage, beziehungsweise das Thema, wissenschaftlich und empirisch angingen.\u201c<\/p>\n<p>Der Referent war nach dem Studium und der Spezialisierung auf anthropologische Wissensbereiche (Molekular-Biologie, Neuro-Wissenschaft, Psychobiologie, Verhaltens-Genetik et cetera) selbst zw\u00f6lf Jahre im Bereich Dienstleistung (Bank, BSK) und im Handel t\u00e4tig. Danach folgte die Gr\u00fcndung (1983) eines Trainings- und Beratungs-Instituts mit Praxiserfahrung bei Industriekunden, Handel und Handwerk. Sein Motto: \u201eNicht nur das Wissen ist ausschlaggebend, sondern das Tun \u2013 die Umsetzung!<i>\u201c<\/i><\/p>\n<p>Daher erwartet die G\u00e4ste des Themenabends eine leicht verst\u00e4ndliche Einf\u00fchrung in die neueren Wissenschaften, ein \u201eFeuerwerk\u201c an praktischen Anwendungs-Beispielen aus vielen Branchen, sowie eine F\u00fclle von Anregungen zur Umsetzung in Ihrem eigenen \u2013 pers\u00f6nlichen und beruflichen \u2013 Umfeld. Nicht zuletzt sollen im Dialog mit den heimischen Unternehmerinnen und Unternehmer Antworten auf folgende Fragen erarbeitet werden: \u201eWas zeichnet nachhaltig\u00c2\u00a0die erfolgreiche Unternehmer\/innen-Pers\u00f6nlichkeit aus? Wie sollte das Unternehmen \u00e2\u20ac\u0161aufgestellt\u00e2\u20ac\u02dc sein (mit seinen Mitarbeitern, seinen Produkten und Dienstleistungen)? Wie man f\u00fcr sich selbst und sein Unternehmen \u00e2\u20ac\u0161stimmig\u00e2\u20ac\u02dc kommuniziert?\u201c \u201eMit erfolgreichen Praxisbeispielen f\u00fcr das Handwerk und den Mittelstand (KMU) sollen Menschen, Marken und M\u00e4rkte beleuchtet werden. Der Referent, seine Botschaften und seine Erfolgs-Beweise sollen unsere G\u00e4ste begeistern!\u201c, freuen sich die Verantwortlichen von Gewerbeverein Neuhof und MIT auf einen informativen Abend.<\/p>\n<p align=\"right\"><b>Mehr Infos gibt es im Internet: www.anthroprofil.de<\/b><\/p>\n<p><b>Zum Referenten:<\/b><\/p>\n<p><b>Rudolf Vogl<\/b> (Jahrgang 1949), wohnhaft in Schl\u00fcchtern, ist als beratender Anthropologe auch Inhaber und Gesch\u00e4ftsf\u00fchrer des Institutes f\u00fcr angewandte Anthropologie. Er ber\u00e4t Firmen aus Industrie, Handel und Dienstleistungen zu den Themen Marketing, Verkauf, Werbung, Markterschlie\u00dfung und Unternehmensentwicklung. Seit \u00fcber 30 Jahren arbeitet er international in Verkauf und F\u00fchrungstrainings. Dar\u00fcber hinaus besch\u00e4ftigt er sich intensiv mit der \u00dcbertragung anthropologischer Erkenntnisse auf die Analyse von Produkten und ganzen Unternehmen. Er ist gefragter Referent f\u00fcr Gro\u00dfveranstaltungen zu anthropologischen Themen (Berufsverb\u00e4nde, Unternehmens- Jahrestagungen etc.).<\/p>\n","protected":false},"excerpt":{"rendered":"<div class=\"tmnf_excerpt\"><p>Neuhof. Am Dienstag, 29. Oktober, laden um 20 Uhr der Gewerbeverein der Kaligemeinde Neuhof und die Mittelstands- und Wirtschaftsvereinigung der CDU\/CSU (MIT) zu einem Themenabend mit dem Anthropologen Rudolf Vogl in den Gasthof Ebert (\u201eDeutsches Haus\u201c) nach Neuhof ein. Der Eintritt ist frei!<\/p>\n<\/div>","protected":false},"author":1,"featured_media":0,"comment_status":"closed","ping_status":"closed","sticky":false,"template":"","format":"standard","meta":{"footnotes":""},"categories":[1,53,29],"tags":[],"class_list":["post-115802","post","type-post","status-publish","format-standard","hentry","category-startseite","category-bildung","category-politik"],"_links":{"self":[{"href":"https:\/\/www.fuldaernachrichten.de\/index.php?rest_route=\/wp\/v2\/posts\/115802","targetHints":{"allow":["GET"]}}],"collection":[{"href":"https:\/\/www.fuldaernachrichten.de\/index.php?rest_route=\/wp\/v2\/posts"}],"about":[{"href":"https:\/\/www.fuldaernachrichten.de\/index.php?rest_route=\/wp\/v2\/types\/post"}],"author":[{"embeddable":true,"href":"https:\/\/www.fuldaernachrichten.de\/index.php?rest_route=\/wp\/v2\/users\/1"}],"replies":[{"embeddable":true,"href":"https:\/\/www.fuldaernachrichten.de\/index.php?rest_route=%2Fwp%2Fv2%2Fcomments&post=115802"}],"version-history":[{"count":1,"href":"https:\/\/www.fuldaernachrichten.de\/index.php?rest_route=\/wp\/v2\/posts\/115802\/revisions"}],"predecessor-version":[{"id":115804,"href":"https:\/\/www.fuldaernachrichten.de\/index.php?rest_route=\/wp\/v2\/posts\/115802\/revisions\/115804"}],"wp:attachment":[{"href":"https:\/\/www.fuldaernachrichten.de\/index.php?rest_route=%2Fwp%2Fv2%2Fmedia&parent=115802"}],"wp:term":[{"taxonomy":"category","embeddable":true,"href":"https:\/\/www.fuldaernachrichten.de\/index.php?rest_route=%2Fwp%2Fv2%2Fcategories&post=115802"},{"taxonomy":"post_tag","embeddable":true,"href":"https:\/\/www.fuldaernachrichten.de\/index.php?rest_route=%2Fwp%2Fv2%2Ftags&post=115802"}],"curies":[{"name":"wp","href":"https:\/\/api.w.org\/{rel}","templated":true}]}}