{"id":115800,"date":"2013-10-25T13:42:37","date_gmt":"2013-10-25T13:42:37","guid":{"rendered":"http:\/\/www.fuldaer-nachrichten.de\/?p=115800"},"modified":"2013-10-25T13:42:37","modified_gmt":"2013-10-25T13:42:37","slug":"tk-sammelt-weihnachtsgeschenke-fuer-kinder-in-not","status":"publish","type":"post","link":"https:\/\/www.fuldaernachrichten.de\/?p=115800","title":{"rendered":"TK sammelt Weihnachtsgeschenke f\u00fcr Kinder in Not"},"content":{"rendered":"<p>Fulda. Schon jetzt freuen sich weltweit Kinder auf Weihnachten. Doch nicht alle von ihnen k\u00f6nnen auf Geschenke hoffen. Wo gro\u00dfe Armut herrscht, bleiben Pr\u00e4sente unter dem Weihnachtsbaum oft aus. Um Not leidenden Kindern aus Rum\u00e4nien und Bosnien und Herzegowina eine Freude zu bereiten, beteiligt sich die TK in Fulda auch in diesem Jahr an der gro\u00dfen Weihnachtsp\u00e4ckchen-Aktion der Stiftung Kinderzukunft.<!--more--><br \/>\nDie Kundenberatung der TK in Fulda nimmt vom 1. bis zum 29. November Pr\u00e4sente entgegen, die Familien aus dem Landkreis f\u00fcr die armen Kinder gepackt haben. &#8220;Mit den Geschenken wollen wir den Kindern in Osteuropa zeigen, dass sie nicht vergessen sind. Wir sch\u00e4tzen das Engagement der Stiftung Kinderzukunft, die sich seit Jahren f\u00fcr die Kleinen einsetzt. Deshalb unterst\u00fctzen wir die Aktion auch 2013&#8221;, erkl\u00e4rt Ingo Rohde, Leiter der Fuldaer Kundenberatung.<\/p>\n<p>Im Dezember werden die bei der TK abgegebenen Geschenke von vielen ehrenamtlichen Helfern der Stiftung abgeholt und nach Rum\u00e4nien und Bosnien und Herzegowina gebracht. Dort werden sie an Waisen- und Stra\u00dfenkinder, Kinder armer Familien in Heimen, Schulen, Kinderg\u00e4rten, Krankenh\u00e4usern und in Elendsvierteln verteilt.<\/p>\n<p>Wer ein Weihnachtsgeschenk packen m\u00f6chte, sollte dazu einen Schuhkarton verwenden und ihn mit Dingen f\u00fcllen, die Kinder gerne m\u00f6gen: zum Beispiel Spielzeug, Bastelutensilien oder S\u00fc\u00dfigkeiten. Das Ganze sollte anschlie\u00dfend h\u00fcbsch verpackt werden. Mit einem Aufkleber auf dem Geschenk kann kenntlich gemacht werden, ob der Inhalt f\u00fcr ein M\u00e4dchen oder einen Jungen geeignet ist.<\/p>\n<p>Die TK-Kundenberatung in Fulda in der Dalbergstra\u00dfe 5 ist montags bis freitags von 8:00 bis 16:00 Uhr ge\u00f6ffnet. Donnerstags k\u00f6nnen die Pr\u00e4sente sogar bis 18:00 Uhr dort abgegeben werden.<\/p>\n<p>Weitere Informationen zur Aktion und zum Inhalt der P\u00e4ckchen sind im Internet unter http:\/\/www.kinderzukunft.de\/wie-wir-helfen\/weihnachtsp\u00e4ckchen-aktion abrufbar.<\/p>\n","protected":false},"excerpt":{"rendered":"<div class=\"tmnf_excerpt\"><p>Fulda. Schon jetzt freuen sich weltweit Kinder auf Weihnachten. Doch nicht alle von ihnen k\u00f6nnen auf Geschenke hoffen. Wo gro\u00dfe Armut herrscht, bleiben Pr\u00e4sente unter dem Weihnachtsbaum oft aus. Um Not leidenden Kindern aus Rum\u00e4nien und Bosnien und Herzegowina eine Freude zu bereiten, beteiligt sich die TK in Fulda auch in diesem Jahr an der &hellip;<\/p>\n<\/div>","protected":false},"author":1,"featured_media":0,"comment_status":"closed","ping_status":"closed","sticky":false,"template":"","format":"standard","meta":{"footnotes":""},"categories":[1,51],"tags":[],"class_list":["post-115800","post","type-post","status-publish","format-standard","hentry","category-startseite","category-medizin"],"_links":{"self":[{"href":"https:\/\/www.fuldaernachrichten.de\/index.php?rest_route=\/wp\/v2\/posts\/115800","targetHints":{"allow":["GET"]}}],"collection":[{"href":"https:\/\/www.fuldaernachrichten.de\/index.php?rest_route=\/wp\/v2\/posts"}],"about":[{"href":"https:\/\/www.fuldaernachrichten.de\/index.php?rest_route=\/wp\/v2\/types\/post"}],"author":[{"embeddable":true,"href":"https:\/\/www.fuldaernachrichten.de\/index.php?rest_route=\/wp\/v2\/users\/1"}],"replies":[{"embeddable":true,"href":"https:\/\/www.fuldaernachrichten.de\/index.php?rest_route=%2Fwp%2Fv2%2Fcomments&post=115800"}],"version-history":[{"count":1,"href":"https:\/\/www.fuldaernachrichten.de\/index.php?rest_route=\/wp\/v2\/posts\/115800\/revisions"}],"predecessor-version":[{"id":115801,"href":"https:\/\/www.fuldaernachrichten.de\/index.php?rest_route=\/wp\/v2\/posts\/115800\/revisions\/115801"}],"wp:attachment":[{"href":"https:\/\/www.fuldaernachrichten.de\/index.php?rest_route=%2Fwp%2Fv2%2Fmedia&parent=115800"}],"wp:term":[{"taxonomy":"category","embeddable":true,"href":"https:\/\/www.fuldaernachrichten.de\/index.php?rest_route=%2Fwp%2Fv2%2Fcategories&post=115800"},{"taxonomy":"post_tag","embeddable":true,"href":"https:\/\/www.fuldaernachrichten.de\/index.php?rest_route=%2Fwp%2Fv2%2Ftags&post=115800"}],"curies":[{"name":"wp","href":"https:\/\/api.w.org\/{rel}","templated":true}]}}