{"id":115796,"date":"2013-10-25T00:10:54","date_gmt":"2013-10-25T00:10:54","guid":{"rendered":"http:\/\/www.fuldaer-nachrichten.de\/?p=115796"},"modified":"2013-10-24T06:45:45","modified_gmt":"2013-10-24T06:45:45","slug":"fit-fuer-den-wiedereinstieg-ins-berufsleben-2","status":"publish","type":"post","link":"https:\/\/www.fuldaernachrichten.de\/?p=115796","title":{"rendered":"Fit f\u00fcr den Wiedereinstieg ins Berufsleben\u00e2\u20ac\u00a8"},"content":{"rendered":"<p>Fulda. Interessierten Frauen bietet das Projekt des Frauenb\u00fcros u. a. ein individuelles, kostenloses Beratungsgespr\u00e4ch an. &#8211; Ein erster Schritt auf dem Weg zur\u00fcck in den Beruf &#8211; Terminvereinbarung unter: 0661 102-1042. Infos: http:\/\/www.frauenbuero-fulda.de<\/p>\n","protected":false},"excerpt":{"rendered":"<div class=\"tmnf_excerpt\"><p>Fulda. Interessierten Frauen bietet das Projekt des Frauenb\u00fcros u. a. ein individuelles, kostenloses Beratungsgespr\u00e4ch an. &#8211; Ein erster Schritt auf dem Weg zur\u00fcck in den Beruf &#8211; Terminvereinbarung unter: 0661 102-1042. Infos: http:\/\/www.frauenbuero-fulda.de<\/p>\n<\/div>","protected":false},"author":1,"featured_media":0,"comment_status":"closed","ping_status":"closed","sticky":false,"template":"","format":"standard","meta":{"footnotes":""},"categories":[1,53],"tags":[],"class_list":["post-115796","post","type-post","status-publish","format-standard","hentry","category-startseite","category-bildung"],"_links":{"self":[{"href":"https:\/\/www.fuldaernachrichten.de\/index.php?rest_route=\/wp\/v2\/posts\/115796","targetHints":{"allow":["GET"]}}],"collection":[{"href":"https:\/\/www.fuldaernachrichten.de\/index.php?rest_route=\/wp\/v2\/posts"}],"about":[{"href":"https:\/\/www.fuldaernachrichten.de\/index.php?rest_route=\/wp\/v2\/types\/post"}],"author":[{"embeddable":true,"href":"https:\/\/www.fuldaernachrichten.de\/index.php?rest_route=\/wp\/v2\/users\/1"}],"replies":[{"embeddable":true,"href":"https:\/\/www.fuldaernachrichten.de\/index.php?rest_route=%2Fwp%2Fv2%2Fcomments&post=115796"}],"version-history":[{"count":1,"href":"https:\/\/www.fuldaernachrichten.de\/index.php?rest_route=\/wp\/v2\/posts\/115796\/revisions"}],"predecessor-version":[{"id":115797,"href":"https:\/\/www.fuldaernachrichten.de\/index.php?rest_route=\/wp\/v2\/posts\/115796\/revisions\/115797"}],"wp:attachment":[{"href":"https:\/\/www.fuldaernachrichten.de\/index.php?rest_route=%2Fwp%2Fv2%2Fmedia&parent=115796"}],"wp:term":[{"taxonomy":"category","embeddable":true,"href":"https:\/\/www.fuldaernachrichten.de\/index.php?rest_route=%2Fwp%2Fv2%2Fcategories&post=115796"},{"taxonomy":"post_tag","embeddable":true,"href":"https:\/\/www.fuldaernachrichten.de\/index.php?rest_route=%2Fwp%2Fv2%2Ftags&post=115796"}],"curies":[{"name":"wp","href":"https:\/\/api.w.org\/{rel}","templated":true}]}}