{"id":115787,"date":"2013-10-24T00:10:56","date_gmt":"2013-10-24T00:10:56","guid":{"rendered":"http:\/\/www.fuldaer-nachrichten.de\/?p=115787"},"modified":"2013-10-23T17:02:51","modified_gmt":"2013-10-23T17:02:51","slug":"hoher-oekostrom-anteil-im-strommix-der-rhoenenergie","status":"publish","type":"post","link":"https:\/\/www.fuldaernachrichten.de\/?p=115787","title":{"rendered":"Hoher \u00d6kostrom-Anteil im Strommix der Rh\u00f6nEnergie"},"content":{"rendered":"<p>Fulda. Aus der aktuellen Stromkennzeichnung f\u00fcr das Jahr 2012 geht hervor, dass die Rh\u00f6nEnergie Fulda GmbH mit 29,5 Prozent rund ein F\u00fcnftel mehr regenerativen Strom an ihre Kunden geliefert hat als im Bundesdurchschnitt: Dieser Anteil liegt bei 24,3 Prozent, wenn man auch hier die erneuerbaren Energien, die nach dem EEG gef\u00f6rdert sind, sowie die sonstigen erneuerbaren Energien zusammenrechnet.<!--more--><\/p>\n<p>Den Ausbau erneuerbarer Energien in der Region treibt die Rh\u00f6nEnergie Fulda nach wie vor voran, um die Energiewende mit ihrem Beitrag zum Erfolg zu f\u00fchren. Das neueste Projekt in diesem Bereich ist der vom Tochterunternehmen SynEnergie GmbH geplante Windpark \u201eBuchonia\u201c. Auf dem Gebirgszug \u201eBreite First\u201c im Grenzgebiet der Stadt Schl\u00fcchtern und der Gemeinde Sinntal sollen auf einem Areal von \u00fcber 350 Hektar 10 Windanlagen errichtet werden.<\/p>\n<p>Der Anteil an der Gesamtstromlieferung f\u00fcr das Jahr 2012, der aus Kernkraftwerken stammt, betr\u00e4gt beim Strommix der Rh\u00f6nEnergie Fulda 15,5 Prozent, bei der Stromerzeugung in Deutschland 17,1 Prozent.<\/p>\n<p>Der Rh\u00f6nEnergie-Stromanteil, der aus der Erzeugung in Kohlekraftwerken stammt, betr\u00e4gt mit 37 Prozent f\u00fcr den aktuellen Strommix 8,6 Prozentpunkte weniger als im Bundesdurchschnitt (45,6 Prozent). Erdgas und sonstige fossile Energietr\u00e4ger machen bei der Gesamtlieferung des Rh\u00f6nEnergie-Stroms f\u00fcr das Jahr 2012 18 Prozent aus, im Bundesdurchschnitt 13 Prozent.<\/p>\n<p>Die durchschnittlichen CO<sub>2<\/sub>-Emissionen der Energie der Rh\u00f6nEnergie Fulda liegen unter denen der Stromerzeugung in Deutschland: Mit 495 Gramm pro Kilowattstunde sind es im Vergleich 27 Gramm pro Kilowattstunde weniger im Jahr.<\/p>\n<p>Die Kalkulation des Strommix ist im deutschen Energiewirtschaftsgesetz geregelt. Gem\u00e4\u00df diesem Gesetz sind alle nationalen Energieversorgungsunternehmen sp\u00e4testens ab dem 1. November eines Jahres dazu verpflichtet, die Werte des vergangenen Kalenderjahres der zur Stromerzeugung eingesetzten Energietr\u00e4ger und die damit verbundenen Umwelteinfl\u00fcsse zu ver\u00f6ffentlichen. Aufgrund des aufwendigen Berechnungsverfahrens schreibt das Gesetz vor, jeweils die Vorjahreszusammensetzung der Stromlieferung auszuweisen. \u00dcber den Strommix informiert die Rh\u00f6nEnergie Fulda ihre Kunden auch im Rahmen der Jahresverbrauchsabrechnung sowie auf ihrer Webseite unter <a href=\"http:\/\/www.re-fd.de\">www.re-fd.de<\/a> im Internet.<\/p>\n","protected":false},"excerpt":{"rendered":"<div class=\"tmnf_excerpt\"><p>Fulda. Aus der aktuellen Stromkennzeichnung f\u00fcr das Jahr 2012 geht hervor, dass die Rh\u00f6nEnergie Fulda GmbH mit 29,5 Prozent rund ein F\u00fcnftel mehr regenerativen Strom an ihre Kunden geliefert hat als im Bundesdurchschnitt: Dieser Anteil liegt bei 24,3 Prozent, wenn man auch hier die erneuerbaren Energien, die nach dem EEG gef\u00f6rdert sind, sowie die sonstigen &hellip;<\/p>\n<\/div>","protected":false},"author":1,"featured_media":0,"comment_status":"closed","ping_status":"closed","sticky":false,"template":"","format":"standard","meta":{"footnotes":""},"categories":[1],"tags":[],"class_list":["post-115787","post","type-post","status-publish","format-standard","hentry","category-startseite"],"_links":{"self":[{"href":"https:\/\/www.fuldaernachrichten.de\/index.php?rest_route=\/wp\/v2\/posts\/115787","targetHints":{"allow":["GET"]}}],"collection":[{"href":"https:\/\/www.fuldaernachrichten.de\/index.php?rest_route=\/wp\/v2\/posts"}],"about":[{"href":"https:\/\/www.fuldaernachrichten.de\/index.php?rest_route=\/wp\/v2\/types\/post"}],"author":[{"embeddable":true,"href":"https:\/\/www.fuldaernachrichten.de\/index.php?rest_route=\/wp\/v2\/users\/1"}],"replies":[{"embeddable":true,"href":"https:\/\/www.fuldaernachrichten.de\/index.php?rest_route=%2Fwp%2Fv2%2Fcomments&post=115787"}],"version-history":[{"count":1,"href":"https:\/\/www.fuldaernachrichten.de\/index.php?rest_route=\/wp\/v2\/posts\/115787\/revisions"}],"predecessor-version":[{"id":115788,"href":"https:\/\/www.fuldaernachrichten.de\/index.php?rest_route=\/wp\/v2\/posts\/115787\/revisions\/115788"}],"wp:attachment":[{"href":"https:\/\/www.fuldaernachrichten.de\/index.php?rest_route=%2Fwp%2Fv2%2Fmedia&parent=115787"}],"wp:term":[{"taxonomy":"category","embeddable":true,"href":"https:\/\/www.fuldaernachrichten.de\/index.php?rest_route=%2Fwp%2Fv2%2Fcategories&post=115787"},{"taxonomy":"post_tag","embeddable":true,"href":"https:\/\/www.fuldaernachrichten.de\/index.php?rest_route=%2Fwp%2Fv2%2Ftags&post=115787"}],"curies":[{"name":"wp","href":"https:\/\/api.w.org\/{rel}","templated":true}]}}