{"id":115784,"date":"2013-10-25T00:10:31","date_gmt":"2013-10-25T00:10:31","guid":{"rendered":"http:\/\/www.fuldaer-nachrichten.de\/?p=115784"},"modified":"2013-10-23T17:01:43","modified_gmt":"2013-10-23T17:01:43","slug":"drei-jubilare-beim-vogelsbergkreis-fingerspitzengefuehl-teamgeist-und-fachkenntnis-zeichnen-sie-aus","status":"publish","type":"post","link":"https:\/\/www.fuldaernachrichten.de\/?p=115784","title":{"rendered":"Drei Jubilare beim Vogelsbergkreis: Fingerspitzengef\u00fchl, Teamgeist und Fachkenntnis zeichnen sie aus"},"content":{"rendered":"<div id=\"attachment_115785\" style=\"width: 275px\" class=\"wp-caption alignleft\"><a href=\"http:\/\/www.fuldaer-nachrichten.de\/wp-content\/uploads\/2013\/10\/Heidelbach\u00d6streichLRB\u00e4tz.jpg\"><img decoding=\"async\" aria-describedby=\"caption-attachment-115785\" class=\"size-thumbnail wp-image-115785\" alt=\"(von rechts): Marianne B\u00e4tz feierte 40-j\u00e4hriges Dienstjubil\u00e4um, Sandra Oestreich 25-j\u00e4hriges und Ernst Heidelbach ebenfalls 40-j\u00e4hriges Dienstjubil\u00e4um. Au\u00dfer Landrat Manfred G\u00f6rig (2. von rechts) gratulierten Peter Sukdolak (Personalratsvorsitzender), Christa Wiese (Leiterin Personalservice), Werner K\u00f6hler (Leiter des Amts f\u00fcr Soziale Sicherung) und Frauenbeauftragte Conny Hentz-D\u00f6ring. Foto: Gabriele Richter, Pressestelle Vogelsbergkreis\" src=\"http:\/\/www.fuldaer-nachrichten.de\/wp-content\/uploads\/2013\/10\/Heidelbach\u00d6streichLRB\u00e4tz-265x176.jpg\" width=\"265\" height=\"176\" \/><\/a><p id=\"caption-attachment-115785\" class=\"wp-caption-text\">(von rechts): Marianne B\u00e4tz feierte 40-j\u00e4hriges Dienstjubil\u00e4um, Sandra Oestreich 25-j\u00e4hriges und Ernst Heidelbach ebenfalls 40-j\u00e4hriges Dienstjubil\u00e4um. Au\u00dfer Landrat Manfred G\u00f6rig (2. von rechts) gratulierten Peter Sukdolak (Personalratsvorsitzender), Christa Wiese (Leiterin Personalservice), Werner K\u00f6hler (Leiter des Amts f\u00fcr Soziale Sicherung) und Frauenbeauftragte Conny Hentz-D\u00f6ring. Foto: Gabriele Richter, Pressestelle Vogelsbergkreis<\/p><\/div>\n<p>Vogelsbergkreis. \u201eSo ein Dienstjubil\u00e4um ist ein sch\u00f6ner Termin, weil er zeigt, dass die Mitarbeiter gerne beim Kreis arbeiten und sich mit ihrer Arbeit identifizieren\u201c, bemerkte Landrat Manfred G\u00f6rig anl\u00e4sslich der 40-j\u00e4hrigen Dienstjubil\u00e4en von Marianne B\u00e4tz und Ernst Heidelbach sowie des 25-j\u00e4hrigen Jubil\u00e4ums von Sandra Oestreich. Sein besonderer Dank galt der gro\u00dfen Fachkenntnis und Einsatzbereitschaft \u00fcber viele Jahre hinweg. Mit den besten W\u00fcnschen f\u00fcr die Zukunft \u00fcberreichte er auch im Namen des Kreisausschusses die Urkunde an die Jubilare.<!--more--><\/p>\n<p>Marianne B\u00e4tz wurde 1973 angestellt beim damaligen Ausgleichsamt, das sich mit dem Entsch\u00e4digungsrecht f\u00fcr Vertriebene befasste und inzwischen aufgel\u00f6st wurde. Seit 1997 ist sie Mitarbeiterin der Wohngeldstelle im Amt f\u00fcr Soziale Sicherung und dort \u201eder stabile Faktor, ein fest mit der Wohngeldstelle verkn\u00fcpfter Name\u201c, wie Frauenbeauftrage Conny Hentz-D\u00f6ring feststellte. Werner K\u00f6hler (Amtsleiter) und Peter Sukdolak (Personalratsvorsitzender) schlossen sich den herzlichen Gl\u00fcckw\u00fcnschen an und unterstrichen die Leistung der Jubilarin: Sie sei \u201eeine Frau f\u00fcr Zahlen und im genau richtigen Metier eingesetzt\u201c und es sei \u201eimmer eine Freude, sie bei Fragen am Telefon zu haben \u2013 menschlich wie fachlich\u201c.<\/p>\n<p>Ernst Heidelbach kam ebenfalls 1973 zur Kreisverwaltung, damals aber als Hygieneinspektor und Sicherheitsbeauftragter und nicht in der Rolle, in der man ihn sp\u00e4ter kannte. \u201eIch kenne ihn als Personalratsvorsitzenden und wei\u00df, dass das Personalgesch\u00e4ft schwierig ist und viel Zeit bindet\u201c, so Landrat G\u00f6rig, \u201ediese T\u00e4tigkeit hat viel Anerkennung verdient und auch gefunden.\u201c Noch bis Ende 2012 hat sich der Jubilar f\u00fcr die Belange der Belegschaft eingesetzt und war ehrenamtlicher Richter beim Arbeitsgericht Gie\u00dfen, dann Begann f\u00fcr ihn die Freistellungsphase der Altersteilzeit. \u201eIch wei\u00df die Arbeit meines Vorg\u00e4ngers zu sch\u00e4tzen und h\u00e4tte noch viel von ihm lernen k\u00f6nnen\u201c, unterstrich der amtierende Personalratsvorsitzende Peter Sukdolak.<\/p>\n<p>Sandra Oestreich kam 2005 als Leistungsfallmanagerin zum kommunalen Jobcenter KVA des Vogelsbergkreises. Vorher war sie als Verwaltungsfachangestellte am Sozialamt in Frankfurt und in der Finanzabteilung der Gemeinde Petersberg besch\u00e4ftigt. Auch als Vermittlerin im Jobcenter hat sie Erfahrung gesammelt, bevor sie 2011 Teamleiterin im Bereich \u201eAlleinerziehende\u201c wurde, eine Aufgabe, \u201edie sie mit viel Sachkompetenz und Fingerspitzengef\u00fchl wahrnimmt\u201c, bescheinigt Amtsleiter Werner K\u00f6hler. Die F\u00fchrungsqualit\u00e4ten und den guten Ruf als Teamleiterin, die hinter ihren Mitarbeitern steht \u2013 und umgekehrt \u2013 unterstrichen auch die anderen Gratulanten.<\/p>\n","protected":false},"excerpt":{"rendered":"<div class=\"tmnf_excerpt\"><p>Vogelsbergkreis. \u201eSo ein Dienstjubil\u00e4um ist ein sch\u00f6ner Termin, weil er zeigt, dass die Mitarbeiter gerne beim Kreis arbeiten und sich mit ihrer Arbeit identifizieren\u201c, bemerkte Landrat Manfred G\u00f6rig anl\u00e4sslich der 40-j\u00e4hrigen Dienstjubil\u00e4en von Marianne B\u00e4tz und Ernst Heidelbach sowie des 25-j\u00e4hrigen Jubil\u00e4ums von Sandra Oestreich. Sein besonderer Dank galt der gro\u00dfen Fachkenntnis und Einsatzbereitschaft \u00fcber &hellip;<\/p>\n<\/div>","protected":false},"author":1,"featured_media":0,"comment_status":"closed","ping_status":"closed","sticky":false,"template":"","format":"standard","meta":{"footnotes":""},"categories":[1],"tags":[],"class_list":["post-115784","post","type-post","status-publish","format-standard","hentry","category-startseite"],"_links":{"self":[{"href":"https:\/\/www.fuldaernachrichten.de\/index.php?rest_route=\/wp\/v2\/posts\/115784","targetHints":{"allow":["GET"]}}],"collection":[{"href":"https:\/\/www.fuldaernachrichten.de\/index.php?rest_route=\/wp\/v2\/posts"}],"about":[{"href":"https:\/\/www.fuldaernachrichten.de\/index.php?rest_route=\/wp\/v2\/types\/post"}],"author":[{"embeddable":true,"href":"https:\/\/www.fuldaernachrichten.de\/index.php?rest_route=\/wp\/v2\/users\/1"}],"replies":[{"embeddable":true,"href":"https:\/\/www.fuldaernachrichten.de\/index.php?rest_route=%2Fwp%2Fv2%2Fcomments&post=115784"}],"version-history":[{"count":1,"href":"https:\/\/www.fuldaernachrichten.de\/index.php?rest_route=\/wp\/v2\/posts\/115784\/revisions"}],"predecessor-version":[{"id":115786,"href":"https:\/\/www.fuldaernachrichten.de\/index.php?rest_route=\/wp\/v2\/posts\/115784\/revisions\/115786"}],"wp:attachment":[{"href":"https:\/\/www.fuldaernachrichten.de\/index.php?rest_route=%2Fwp%2Fv2%2Fmedia&parent=115784"}],"wp:term":[{"taxonomy":"category","embeddable":true,"href":"https:\/\/www.fuldaernachrichten.de\/index.php?rest_route=%2Fwp%2Fv2%2Fcategories&post=115784"},{"taxonomy":"post_tag","embeddable":true,"href":"https:\/\/www.fuldaernachrichten.de\/index.php?rest_route=%2Fwp%2Fv2%2Ftags&post=115784"}],"curies":[{"name":"wp","href":"https:\/\/api.w.org\/{rel}","templated":true}]}}