{"id":115778,"date":"2013-10-25T00:20:11","date_gmt":"2013-10-25T00:20:11","guid":{"rendered":"http:\/\/www.fuldaer-nachrichten.de\/?p=115778"},"modified":"2013-10-23T16:57:38","modified_gmt":"2013-10-23T16:57:38","slug":"babyboomer-versus-generation-y-wirtschaftsjunioren-fulda-feiern-60-geburtstag","status":"publish","type":"post","link":"https:\/\/www.fuldaernachrichten.de\/?p=115778","title":{"rendered":"Babyboomer versus Generation Y &#8211; Wirtschaftsjunioren Fulda feiern 60. Geburtstag"},"content":{"rendered":"<p><a href=\"http:\/\/www.fuldaer-nachrichten.de\/wp-content\/uploads\/2013\/10\/5-2013-Jubil\u00e4um.jpg\"><img fetchpriority=\"high\" decoding=\"async\" class=\"alignleft size-thumbnail wp-image-115779\" alt=\"5-2013 Jubil\u00e4um\" src=\"http:\/\/www.fuldaer-nachrichten.de\/wp-content\/uploads\/2013\/10\/5-2013-Jubil\u00e4um-265x397.jpg\" width=\"265\" height=\"397\" \/><\/a>Fulda. Am 31. Oktober 2013 feiern die Wirtschaftsjunioren Fulda (WJ) in Halle 8 der Hochschule Fulda 60. Geburtstag. Als Hauptrednerin wurde Professor Dr. Jutta Rump\u00c2\u00a0 gewonnen. Ihr Thema: Die j\u00fcngere Generation in einer alternden Arbeitswelt &#8211; Baby Boomer versus Generation Y.<!--more--><\/p>\n<p>Die Generation Y hat andere Vorstellungen von einem \u201eguten\u201c Arbeitgeber und auch andere Erwartungen an die Arbeit als die Generation Baby Boomer. Vor dem Hintergrund des Fachkr\u00e4ftemangels hat sie es nicht n\u00f6tig, sich anzupassen. Aufgrund verl\u00e4ngerter Lebensarbeitszeit werden Baby Boomer und Generation Y noch viele Jahre miteinander arbeiten. Daher ist es f\u00fcr Unternehmen wichtig, sich ernsthaft mit diesem Thema auseinanderzusetzen.<\/p>\n<p>Laut Zeitschrift Personalmanagement geh\u00f6rt Jutta Rump, die an der Fachhochschule Ludwigshafen und an der Ludwig-Maximilian Universit\u00e4t M\u00fcnchen (LMU) lehrt, zu den \u201e40 f\u00fchrenden K\u00f6pfen des Personalwesens\u201c und den acht wichtigsten Professoren f\u00fcr Personalmanagement im deutschsprachigen Raum. In zahlreichen Unternehmen und Institutionen ist sie als Projekt- und Prozessbegleiterin t\u00e4tig. Hinzu kommen Mandate aus Wirtschaft, Politik, Stiftungen und Verb\u00e4nden.<\/p>\n<p>Die Veranstaltung beginnt um 18:30 Uhr. Das Eintrittsgeld in H\u00f6he von zehn Euro flie\u00dft vollst\u00e4ndig in ein Deutschlandstipendium der Hochschule Fulda. Restkarten gibt es im Infocenter der IHK Fulda, Heinrichstra\u00dfe 8, 36037 Fulda.<\/p>\n<p>Komplettes Programm unter www.wj-fulda.de.<\/p>\n<p><b>Ein starkes Netzwerk<\/b><\/p>\n<p>Mit mehr als 10.000 aktiven Mitgliedern sind die Wirtschaftsjunioren Deutschland (WJD) die starke Stimme der jungen Wirtschaft. Zu ihnen geh\u00f6ren F\u00fchrungskr\u00e4fte und Unternehmer unter 40 Jahren aus allen Bereichen der Wirtschaft &#8211; Bei einer Wirtschaftskraft von mehr als 120 Milliarden Euro Umsatz verantworten sie rund 300.000 Arbeits- und 35.000 Ausbildungspl\u00e4tze. Seit 1958 sind die Wirtschaftsjunioren Deutschland Mitglied der mehr als 100 Nationalverb\u00e4nde umfassenden Junior Chamber International (JCI).<\/p>\n<p>Die Wirtschaftsjunioren beteiligen sich aktiv an der Gestaltung der Wirtschafts- und Gesellschaftspolitik in Europa. Ein wichtiges Ziel ist es, die Akzeptanz des unternehmerischen Handelns in Deutschland zu erh\u00f6hen.<\/p>\n<p>In Hessen engagieren sich rund 1400 Wirtschaftsjunioren in 16 Kreisverb\u00e4nden in Projekten aus den Bereichen Bildung &amp; Wirtschaft, Politik, Existenzgr\u00fcndung\/-sicherung und Internationales. Auch in Fulda existiert ein starkes Netzwerk mit 160 Mitgliedern. Unter dem Jahresthema \u201eUnternehmen gestalten &#8211; im Netzwerk junger F\u00fchrungskr\u00e4fte\u201c werden zahlreiche Veranstaltungen organisiert, darunter Betriebsbesichtigungen, Themenstammtische, Vortr\u00e4ge, kulturelle Angebote oder Charity-Aktionen.<\/p>\n<p>Neue Mitglieder sind herzlich willkommen. Gelegenheit, die Wirtschaftsjunioren zwanglos kennenzulernen, bieten die Themenstammtische jeweils am dritten Dienstag im Monat im Rahmen ab 19:30 Uhr im Hotel \u201eZum Ritter\u201c.<\/p>\n","protected":false},"excerpt":{"rendered":"<div class=\"tmnf_excerpt\"><p>Fulda. Am 31. Oktober 2013 feiern die Wirtschaftsjunioren Fulda (WJ) in Halle 8 der Hochschule Fulda 60. Geburtstag. Als Hauptrednerin wurde Professor Dr. Jutta Rump\u00c2\u00a0 gewonnen. Ihr Thema: Die j\u00fcngere Generation in einer alternden Arbeitswelt &#8211; Baby Boomer versus Generation Y.<\/p>\n<\/div>","protected":false},"author":1,"featured_media":0,"comment_status":"closed","ping_status":"closed","sticky":false,"template":"","format":"standard","meta":{"footnotes":""},"categories":[1,29],"tags":[],"class_list":["post-115778","post","type-post","status-publish","format-standard","hentry","category-startseite","category-politik"],"_links":{"self":[{"href":"https:\/\/www.fuldaernachrichten.de\/index.php?rest_route=\/wp\/v2\/posts\/115778","targetHints":{"allow":["GET"]}}],"collection":[{"href":"https:\/\/www.fuldaernachrichten.de\/index.php?rest_route=\/wp\/v2\/posts"}],"about":[{"href":"https:\/\/www.fuldaernachrichten.de\/index.php?rest_route=\/wp\/v2\/types\/post"}],"author":[{"embeddable":true,"href":"https:\/\/www.fuldaernachrichten.de\/index.php?rest_route=\/wp\/v2\/users\/1"}],"replies":[{"embeddable":true,"href":"https:\/\/www.fuldaernachrichten.de\/index.php?rest_route=%2Fwp%2Fv2%2Fcomments&post=115778"}],"version-history":[{"count":1,"href":"https:\/\/www.fuldaernachrichten.de\/index.php?rest_route=\/wp\/v2\/posts\/115778\/revisions"}],"predecessor-version":[{"id":115780,"href":"https:\/\/www.fuldaernachrichten.de\/index.php?rest_route=\/wp\/v2\/posts\/115778\/revisions\/115780"}],"wp:attachment":[{"href":"https:\/\/www.fuldaernachrichten.de\/index.php?rest_route=%2Fwp%2Fv2%2Fmedia&parent=115778"}],"wp:term":[{"taxonomy":"category","embeddable":true,"href":"https:\/\/www.fuldaernachrichten.de\/index.php?rest_route=%2Fwp%2Fv2%2Fcategories&post=115778"},{"taxonomy":"post_tag","embeddable":true,"href":"https:\/\/www.fuldaernachrichten.de\/index.php?rest_route=%2Fwp%2Fv2%2Ftags&post=115778"}],"curies":[{"name":"wp","href":"https:\/\/api.w.org\/{rel}","templated":true}]}}