{"id":115776,"date":"2013-10-24T00:12:42","date_gmt":"2013-10-24T00:12:42","guid":{"rendered":"http:\/\/www.fuldaer-nachrichten.de\/?p=115776"},"modified":"2013-10-23T16:55:55","modified_gmt":"2013-10-23T16:55:55","slug":"indie-jazz-im-backstage-fulda-mit-tann","status":"publish","type":"post","link":"https:\/\/www.fuldaernachrichten.de\/?p=115776","title":{"rendered":"Indie Jazz im Backstage Fulda mit &#8220;TANN&#8221;"},"content":{"rendered":"<p>Fulda. \u201eDie Zeiten in den alte, verschrumpelte M\u00e4nner auf ihren Saxophonen alterierte Melodien spielen und dabei fast vom Stuhl fallen sind vorbei!\u00e2\u20ac\u009d (Originalzitat Tann) Knarzendes Brummen, klackende Ger\u00e4usche, als ob eine Perlenkette zu Boden f\u00e4llt, verstohlen gezupfte Saiten, die kaum noch h\u00f6rbar sind \u2013 was hier beschrieben wird, ist kein Vorspann zu einem Suspense-Thriller, sondern einige der klanglichen Elemente des Indie Jazz Trio \u201eTANN\u201c. Am Samstag, 26.10.13 pr\u00e4sentieren die das Trio im Backstage Fulda, Lindenstra\u00dfe 38 ihr neues Album \u201eKoniferen\u201c, das bei Traumton Records erschienen ist. Die Musik von Ren\u00e9 Bornstein (Kontrabass), Dirk H\u00e4fner (Gitarre) und Demian Kappenstein (Drums und Percussion) ist schwer zu fassen. <!--more--><\/p>\n<p>Sie setzt sich aus klassischen Elementen des Jazz und Blues zusammen, wartet aber auch mit \u00fcberraschenden Klangmalereien auf. Das neue Album beinhaltet \u00fcberwiegend Eigenkompositionen, aber auch stimmungsvolle Interpretationen, angefangen vom indianischen Volkslied bis zu Kompositionen von Charlie Hayden. Dabei haben die drei Musiker aus dem Umkreis der Dresdener Musikhochschule durchaus den Jazzrock, Modern und Blues verinnerlicht, um die Grundvoraussetzungen f\u00fcr eine auf Improvisation basierende Klangwelt zu erf\u00fcllen, wenn da nicht auch unerwartete Wendungen, \u00fcberraschende Soundideen und stilistische Querschl\u00e4ger die H\u00f6rgewohnheiten gezielt torpedieren und die besondere Klasse der Band offenbaren w\u00fcrden. Jazzthing jedenfalls sieht in Tann \u201e&#8230;eine Band, die beim Sprung in die Internationale Liga an der Pole Position steht.\u201c AK 8 \u00e2\u201a\u00ac\/ 10 \u00e2\u201a\u00ac<\/p>\n","protected":false},"excerpt":{"rendered":"<div class=\"tmnf_excerpt\"><p>Fulda. \u201eDie Zeiten in den alte, verschrumpelte M\u00e4nner auf ihren Saxophonen alterierte Melodien spielen und dabei fast vom Stuhl fallen sind vorbei!\u00e2\u20ac\u009d (Originalzitat Tann) Knarzendes Brummen, klackende Ger\u00e4usche, als ob eine Perlenkette zu Boden f\u00e4llt, verstohlen gezupfte Saiten, die kaum noch h\u00f6rbar sind \u2013 was hier beschrieben wird, ist kein Vorspann zu einem Suspense-Thriller, sondern &hellip;<\/p>\n<\/div>","protected":false},"author":1,"featured_media":0,"comment_status":"closed","ping_status":"closed","sticky":false,"template":"","format":"standard","meta":{"footnotes":""},"categories":[1,44],"tags":[],"class_list":["post-115776","post","type-post","status-publish","format-standard","hentry","category-startseite","category-kultur"],"_links":{"self":[{"href":"https:\/\/www.fuldaernachrichten.de\/index.php?rest_route=\/wp\/v2\/posts\/115776","targetHints":{"allow":["GET"]}}],"collection":[{"href":"https:\/\/www.fuldaernachrichten.de\/index.php?rest_route=\/wp\/v2\/posts"}],"about":[{"href":"https:\/\/www.fuldaernachrichten.de\/index.php?rest_route=\/wp\/v2\/types\/post"}],"author":[{"embeddable":true,"href":"https:\/\/www.fuldaernachrichten.de\/index.php?rest_route=\/wp\/v2\/users\/1"}],"replies":[{"embeddable":true,"href":"https:\/\/www.fuldaernachrichten.de\/index.php?rest_route=%2Fwp%2Fv2%2Fcomments&post=115776"}],"version-history":[{"count":1,"href":"https:\/\/www.fuldaernachrichten.de\/index.php?rest_route=\/wp\/v2\/posts\/115776\/revisions"}],"predecessor-version":[{"id":115777,"href":"https:\/\/www.fuldaernachrichten.de\/index.php?rest_route=\/wp\/v2\/posts\/115776\/revisions\/115777"}],"wp:attachment":[{"href":"https:\/\/www.fuldaernachrichten.de\/index.php?rest_route=%2Fwp%2Fv2%2Fmedia&parent=115776"}],"wp:term":[{"taxonomy":"category","embeddable":true,"href":"https:\/\/www.fuldaernachrichten.de\/index.php?rest_route=%2Fwp%2Fv2%2Fcategories&post=115776"},{"taxonomy":"post_tag","embeddable":true,"href":"https:\/\/www.fuldaernachrichten.de\/index.php?rest_route=%2Fwp%2Fv2%2Ftags&post=115776"}],"curies":[{"name":"wp","href":"https:\/\/api.w.org\/{rel}","templated":true}]}}