{"id":115769,"date":"2013-10-25T00:10:59","date_gmt":"2013-10-25T00:10:59","guid":{"rendered":"http:\/\/www.fuldaer-nachrichten.de\/?p=115769"},"modified":"2013-10-23T16:52:06","modified_gmt":"2013-10-23T16:52:06","slug":"kooperation-von-diakoniestation-und-kreuzkirche","status":"publish","type":"post","link":"https:\/\/www.fuldaernachrichten.de\/?p=115769","title":{"rendered":"Kooperation von Diakoniestation und Kreuzkirche"},"content":{"rendered":"<p><a href=\"http:\/\/www.fuldaer-nachrichten.de\/wp-content\/uploads\/2013\/10\/Kirche_ganz_Laub_k.jpg\"><img decoding=\"async\" class=\"alignleft size-thumbnail wp-image-115770\" alt=\"Kirche_ganz_Laub_k\" src=\"http:\/\/www.fuldaer-nachrichten.de\/wp-content\/uploads\/2013\/10\/Kirche_ganz_Laub_k-265x176.jpg\" width=\"265\" height=\"176\" srcset=\"https:\/\/www.fuldaernachrichten.de\/wp-content\/uploads\/2013\/10\/Kirche_ganz_Laub_k-265x176.jpg 265w, https:\/\/www.fuldaernachrichten.de\/wp-content\/uploads\/2013\/10\/Kirche_ganz_Laub_k.jpg 600w\" sizes=\"(max-width: 265px) 100vw, 265px\" \/><\/a>Fulda. Ab Ende November 2013 werden die Diakoniestation Fulda, Petersberg und K\u00fcnzell und die Evangelische Kreuzkirche Fulda-Neuenberg ein gemeinsames Angebot f\u00fcr Senioren mit kognitiven Einschr\u00e4nkungen in den neuen R\u00e4umen der Kreuzkirche anbieten. \u201eWir w\u00fcnschen uns, dass unsere Seniorenarbeit mit Hilfe der Diakonie professionell und kirchennah ausgebaut wird. Unsere Kirche soll auch ein Treffpunkt f\u00fcr schw\u00e4chere, \u00e4ltere oder einsame Menschen sein\u201c, so Pfarrer Stefan B\u00fcrger. Deswegen habe man bei der Erweiterung der Kreuzkirche auch auf Barrierefreiheit geachtet. Kirchengemeinde und Diakonie laden deshalb am Mittwoch, 30.10.2013, um 16.00 Uhr, zum unverbindlichen Informationsnachmittag in die Kreuzkirche in Neuenberg (Haderwaldstr. 89a) ein.<\/p>\n","protected":false},"excerpt":{"rendered":"<div class=\"tmnf_excerpt\"><p>Fulda. Ab Ende November 2013 werden die Diakoniestation Fulda, Petersberg und K\u00fcnzell und die Evangelische Kreuzkirche Fulda-Neuenberg ein gemeinsames Angebot f\u00fcr Senioren mit kognitiven Einschr\u00e4nkungen in den neuen R\u00e4umen der Kreuzkirche anbieten. \u201eWir w\u00fcnschen uns, dass unsere Seniorenarbeit mit Hilfe der Diakonie professionell und kirchennah ausgebaut wird. Unsere Kirche soll auch ein Treffpunkt f\u00fcr schw\u00e4chere, &hellip;<\/p>\n<\/div>","protected":false},"author":1,"featured_media":0,"comment_status":"closed","ping_status":"closed","sticky":false,"template":"","format":"standard","meta":{"footnotes":""},"categories":[1,50],"tags":[],"class_list":["post-115769","post","type-post","status-publish","format-standard","hentry","category-startseite","category-kirche"],"_links":{"self":[{"href":"https:\/\/www.fuldaernachrichten.de\/index.php?rest_route=\/wp\/v2\/posts\/115769","targetHints":{"allow":["GET"]}}],"collection":[{"href":"https:\/\/www.fuldaernachrichten.de\/index.php?rest_route=\/wp\/v2\/posts"}],"about":[{"href":"https:\/\/www.fuldaernachrichten.de\/index.php?rest_route=\/wp\/v2\/types\/post"}],"author":[{"embeddable":true,"href":"https:\/\/www.fuldaernachrichten.de\/index.php?rest_route=\/wp\/v2\/users\/1"}],"replies":[{"embeddable":true,"href":"https:\/\/www.fuldaernachrichten.de\/index.php?rest_route=%2Fwp%2Fv2%2Fcomments&post=115769"}],"version-history":[{"count":1,"href":"https:\/\/www.fuldaernachrichten.de\/index.php?rest_route=\/wp\/v2\/posts\/115769\/revisions"}],"predecessor-version":[{"id":115771,"href":"https:\/\/www.fuldaernachrichten.de\/index.php?rest_route=\/wp\/v2\/posts\/115769\/revisions\/115771"}],"wp:attachment":[{"href":"https:\/\/www.fuldaernachrichten.de\/index.php?rest_route=%2Fwp%2Fv2%2Fmedia&parent=115769"}],"wp:term":[{"taxonomy":"category","embeddable":true,"href":"https:\/\/www.fuldaernachrichten.de\/index.php?rest_route=%2Fwp%2Fv2%2Fcategories&post=115769"},{"taxonomy":"post_tag","embeddable":true,"href":"https:\/\/www.fuldaernachrichten.de\/index.php?rest_route=%2Fwp%2Fv2%2Ftags&post=115769"}],"curies":[{"name":"wp","href":"https:\/\/api.w.org\/{rel}","templated":true}]}}