{"id":115761,"date":"2013-10-24T00:12:25","date_gmt":"2013-10-24T00:12:25","guid":{"rendered":"http:\/\/www.fuldaer-nachrichten.de\/?p=115761"},"modified":"2013-10-23T16:42:54","modified_gmt":"2013-10-23T16:42:54","slug":"buchausstellungen-von-katholisch-oeffentlichen-bibliotheken-2","status":"publish","type":"post","link":"https:\/\/www.fuldaernachrichten.de\/?p=115761","title":{"rendered":"Buchausstellungen von katholisch-\u00f6ffentlichen Bibliotheken"},"content":{"rendered":"<p><b>Fulda\/Gelnhausen\/Hanau<\/b> (bpf). Die katholisch-\u00f6ffentlichen B\u00fcchereien im Bistum Fulda pr\u00e4sentieren zur Zeit wieder bei Ausstellungen in Pfarr- und Gemeindezentren neu erschienene B\u00fccher f\u00fcr alle Altersgruppen und aus allen Wissensgebieten. Die attraktive Auswahl wurde von der Bonner borro medien gmbh aus der Vielzahl von Neuerscheinungen ausgew\u00e4hlt. Die Ausstellung, die seit vielen Jahren regelm\u00e4\u00dfig bundesweit in \u00fcber 1.300 Katholischen \u00f6ffentlichen B\u00fcchereien im November stattfindet, bietet neben der Information \u00fcber eine Titelauswahl auch die Beratung durch die B\u00fcchereimitarbeiterinnen und -mitarbeiter. Der Erl\u00f6s der Buchbestellungen kommt dabei direkt den B\u00fcchereien\u00c2\u00a0 zugute, die davon neue B\u00fccher und andere Medien zur Ausleihe anschaffen kann. Jeder Leser, der seine B\u00fccher und Geschenke \u00fcber die B\u00fccherei erwirbt, unterst\u00fctzt somit direkt die B\u00fcchereiarbeit in der Gemeinde.<!--more--><\/p>\n<p>Am 26. und 27. Oktober stellt die katholische-\u00f6ffentliche B\u00fccherei im B\u00fcrgerhaus in <b>Ebersburg-Weyhers<\/b> am Samstag von 16 bis 18 Uhr und am Sonntag von 14 bis 18 Uhr aus. Ebenfalls am 26. und 27. Oktober bietet die B\u00fccherei <b>Flieden<\/b> ihre Ausstellung am Samstag von 18 bis 20 Uhr und am Sonntag von 9 bis 17 Uhr im Gemeindezentrum an. Am 2. und 3. November finden Buchausstellungen in <b>Petersberg-Steinau<\/b> jeweils von 14 bis 18 Uhr im dortigen Pfarrheim statt. Ebenfalls am 2. und 3. November veranstaltet die B\u00fccherei <b>Freigericht-Somborn<\/b> im Sturmiushaus Somborn ihre Ausstellungen (Samstag von 14 bis 18 Uhr, Sonntag von 10 bis 18 Uhr). Am Sonntag, 3. November, bieten die B\u00fcchereien <b>Biebergem\u00fcnd-Wirtheim<\/b> und <b>Horbach <\/b>jeweils im Gemeindezentrum von 14 bis 17 Uhr Buchausstellungen an.<\/p>\n<p>Weitere Buchausstellungen finden am 9. und 10. November in <b>Eichenzell-B\u00fcchenberg<\/b> (Samstag von 19 bis 21 Uhr, Sonntag von 14 bis 17 Uhr) im dortigen B\u00fcrgerhaus sowie in <b>Bruchk\u00f6bel<\/b> im Haus Shalom, Riedstr. 5, (Samstag ab 19 Uhr, Sonntag ab 11.30 Uhr) statt. Am 10. November sind Ausstellungen in folgenden Orten geplant: in <b>Geisa<\/b> im dortigen Pfarrheim (von 14 bis 17 Uhr), in <b>Ebersburg-Ried<\/b> im dortigen B\u00fcrgerhaus (von 10 bis 11.30 Uhr sowie von 15 bis 17.30 Uhr), in <b>Seiferts<\/b> im Gemeindezentrum (von 13.30 bis 17 Uhr), in <b>Jossgrund-Oberndorf<\/b> im Saal des B\u00fcrgerhauses (von 11 bis 16 Uhr) und in <b>Jossgrund-Pfaffenhausen<\/b> im Kirchensaal (von 13 bis 17 Uhr).<\/p>\n<p>Am 17. November finden folgende Buchausstellungen statt: in <b>Eichenzell-L\u00fctter <\/b>im dortigen B\u00fcrgerhaus (von 14 bis 17 Uhr), in <b>Simmershausen<\/b> in der Heimatstube (von 13 bis 17 Uhr), in <b>Hilders<\/b> im Ulstersaal (von 13 bis 18 Uhr), und in <b>Margretenhaun<\/b> im dortigen Pfarrheim (von 11 bis 16 Uhr).<\/p>\n<p>Die B\u00fccherei in <b>Biebergem\u00fcnd-Bieber<\/b> stellt am 23. und 24. November im dortigen Pfarrheim (Samstag von 18 bis 19 Uhr, Sonntag 10 bis 17 Uhr) aus. Am 24. November sind Ausstellungen in <b>W\u00fcstensachsen<\/b> im Gemeindezentrum (von 13.30 bis 18 Uhr) und in <b>Batten<\/b> im dortigen Dorfgemeinschaftshaus (von 14 bis 17 Uhr). In <b>Dipperz<\/b> sind im dortigen B\u00fcrgerhaus Ausstellungen am 30. November und 1. Dezember jeweils von 14 bis 17 Uhr geplant.<\/p>\n<p>&nbsp;<\/p>\n<p>&nbsp;<\/p>\n<p>&nbsp;<\/p>\n","protected":false},"excerpt":{"rendered":"<div class=\"tmnf_excerpt\"><p>Fulda\/Gelnhausen\/Hanau (bpf). Die katholisch-\u00f6ffentlichen B\u00fcchereien im Bistum Fulda pr\u00e4sentieren zur Zeit wieder bei Ausstellungen in Pfarr- und Gemeindezentren neu erschienene B\u00fccher f\u00fcr alle Altersgruppen und aus allen Wissensgebieten. Die attraktive Auswahl wurde von der Bonner borro medien gmbh aus der Vielzahl von Neuerscheinungen ausgew\u00e4hlt. Die Ausstellung, die seit vielen Jahren regelm\u00e4\u00dfig bundesweit in \u00fcber 1.300 &hellip;<\/p>\n<\/div>","protected":false},"author":1,"featured_media":0,"comment_status":"closed","ping_status":"closed","sticky":false,"template":"","format":"standard","meta":{"footnotes":""},"categories":[1],"tags":[],"class_list":["post-115761","post","type-post","status-publish","format-standard","hentry","category-startseite"],"_links":{"self":[{"href":"https:\/\/www.fuldaernachrichten.de\/index.php?rest_route=\/wp\/v2\/posts\/115761","targetHints":{"allow":["GET"]}}],"collection":[{"href":"https:\/\/www.fuldaernachrichten.de\/index.php?rest_route=\/wp\/v2\/posts"}],"about":[{"href":"https:\/\/www.fuldaernachrichten.de\/index.php?rest_route=\/wp\/v2\/types\/post"}],"author":[{"embeddable":true,"href":"https:\/\/www.fuldaernachrichten.de\/index.php?rest_route=\/wp\/v2\/users\/1"}],"replies":[{"embeddable":true,"href":"https:\/\/www.fuldaernachrichten.de\/index.php?rest_route=%2Fwp%2Fv2%2Fcomments&post=115761"}],"version-history":[{"count":1,"href":"https:\/\/www.fuldaernachrichten.de\/index.php?rest_route=\/wp\/v2\/posts\/115761\/revisions"}],"predecessor-version":[{"id":115762,"href":"https:\/\/www.fuldaernachrichten.de\/index.php?rest_route=\/wp\/v2\/posts\/115761\/revisions\/115762"}],"wp:attachment":[{"href":"https:\/\/www.fuldaernachrichten.de\/index.php?rest_route=%2Fwp%2Fv2%2Fmedia&parent=115761"}],"wp:term":[{"taxonomy":"category","embeddable":true,"href":"https:\/\/www.fuldaernachrichten.de\/index.php?rest_route=%2Fwp%2Fv2%2Fcategories&post=115761"},{"taxonomy":"post_tag","embeddable":true,"href":"https:\/\/www.fuldaernachrichten.de\/index.php?rest_route=%2Fwp%2Fv2%2Ftags&post=115761"}],"curies":[{"name":"wp","href":"https:\/\/api.w.org\/{rel}","templated":true}]}}