{"id":115759,"date":"2013-10-24T00:12:03","date_gmt":"2013-10-24T00:12:03","guid":{"rendered":"http:\/\/www.fuldaer-nachrichten.de\/?p=115759"},"modified":"2013-10-23T16:41:58","modified_gmt":"2013-10-23T16:41:58","slug":"b-40-abbau-der-fahrstreifentrennung-im-bereich-des-kreisels-neuhof-sued","status":"publish","type":"post","link":"https:\/\/www.fuldaernachrichten.de\/?p=115759","title":{"rendered":"B 40: Abbau der Fahrstreifentrennung im Bereich des Kreisels Neuhof S\u00fcd"},"content":{"rendered":"<p>Neuhof. Am kommenden Dienstag, den 29. Oktober 2013 werden in der Zeit zwischen 09:00 und 15:00 Uhr die vorhandenen Leitbaken zur Fahrstreifentrennung am Kreisel Neuhof S\u00fcd abgebaut. Die Ma\u00dfnahme ist laut Hessen mobil zur Vorbereitung auf die Durchf\u00fchrung des Winterdienstes erforderlich. Hierf\u00fcr muss die linke Fahrspur gesperrt werden, der Verkehr wird 1-streifig an der Arbeitsstelle vorbeigef\u00fchrt. Mit Behinderungen muss gerechnet werden.<\/p>\n","protected":false},"excerpt":{"rendered":"<div class=\"tmnf_excerpt\"><p>Neuhof. Am kommenden Dienstag, den 29. Oktober 2013 werden in der Zeit zwischen 09:00 und 15:00 Uhr die vorhandenen Leitbaken zur Fahrstreifentrennung am Kreisel Neuhof S\u00fcd abgebaut. Die Ma\u00dfnahme ist laut Hessen mobil zur Vorbereitung auf die Durchf\u00fchrung des Winterdienstes erforderlich. Hierf\u00fcr muss die linke Fahrspur gesperrt werden, der Verkehr wird 1-streifig an der Arbeitsstelle &hellip;<\/p>\n<\/div>","protected":false},"author":1,"featured_media":0,"comment_status":"closed","ping_status":"closed","sticky":false,"template":"","format":"standard","meta":{"footnotes":""},"categories":[1,35],"tags":[],"class_list":["post-115759","post","type-post","status-publish","format-standard","hentry","category-startseite","category-auto"],"_links":{"self":[{"href":"https:\/\/www.fuldaernachrichten.de\/index.php?rest_route=\/wp\/v2\/posts\/115759","targetHints":{"allow":["GET"]}}],"collection":[{"href":"https:\/\/www.fuldaernachrichten.de\/index.php?rest_route=\/wp\/v2\/posts"}],"about":[{"href":"https:\/\/www.fuldaernachrichten.de\/index.php?rest_route=\/wp\/v2\/types\/post"}],"author":[{"embeddable":true,"href":"https:\/\/www.fuldaernachrichten.de\/index.php?rest_route=\/wp\/v2\/users\/1"}],"replies":[{"embeddable":true,"href":"https:\/\/www.fuldaernachrichten.de\/index.php?rest_route=%2Fwp%2Fv2%2Fcomments&post=115759"}],"version-history":[{"count":1,"href":"https:\/\/www.fuldaernachrichten.de\/index.php?rest_route=\/wp\/v2\/posts\/115759\/revisions"}],"predecessor-version":[{"id":115760,"href":"https:\/\/www.fuldaernachrichten.de\/index.php?rest_route=\/wp\/v2\/posts\/115759\/revisions\/115760"}],"wp:attachment":[{"href":"https:\/\/www.fuldaernachrichten.de\/index.php?rest_route=%2Fwp%2Fv2%2Fmedia&parent=115759"}],"wp:term":[{"taxonomy":"category","embeddable":true,"href":"https:\/\/www.fuldaernachrichten.de\/index.php?rest_route=%2Fwp%2Fv2%2Fcategories&post=115759"},{"taxonomy":"post_tag","embeddable":true,"href":"https:\/\/www.fuldaernachrichten.de\/index.php?rest_route=%2Fwp%2Fv2%2Ftags&post=115759"}],"curies":[{"name":"wp","href":"https:\/\/api.w.org\/{rel}","templated":true}]}}