{"id":115754,"date":"2013-10-24T00:16:54","date_gmt":"2013-10-24T00:16:54","guid":{"rendered":"http:\/\/www.fuldaer-nachrichten.de\/?p=115754"},"modified":"2013-10-23T16:40:44","modified_gmt":"2013-10-23T16:40:44","slug":"songpoet-gregor-meyle-laesst-sein-herz-sprechen","status":"publish","type":"post","link":"https:\/\/www.fuldaernachrichten.de\/?p=115754","title":{"rendered":"\u201eSongpoet\u201c Gregor Meyle l\u00e4sst sein Herz sprechen"},"content":{"rendered":"<p><a href=\"http:\/\/www.fuldaer-nachrichten.de\/wp-content\/uploads\/2013\/10\/gregor_2012bild4.jpg\"><img fetchpriority=\"high\" decoding=\"async\" class=\"alignleft size-thumbnail wp-image-115757\" alt=\"gregor_2012bild4\" src=\"http:\/\/www.fuldaer-nachrichten.de\/wp-content\/uploads\/2013\/10\/gregor_2012bild4-265x253.jpg\" width=\"265\" height=\"253\" srcset=\"https:\/\/www.fuldaernachrichten.de\/wp-content\/uploads\/2013\/10\/gregor_2012bild4-265x253.jpg 265w, https:\/\/www.fuldaernachrichten.de\/wp-content\/uploads\/2013\/10\/gregor_2012bild4.jpg 600w\" sizes=\"(max-width: 265px) 100vw, 265px\" \/><\/a>Steinau a.d. Stra\u00dfe. Stefan Raab nennt ihn einen \u201ebegnadeten Songwriter\u201c, Mary Roos covert seinen Song \u201eDenk was du willst\u201c und macht ihn zum Titelsong ihres aktuellen Jazz Albums, Xavier Naidoo, Stefanie Heinzmann, Edo Zanki und Tim M\u00e4lzer sind gro\u00dfe Fans seiner Musik. Die Rede ist von Songpoet Gregor Meyle, der im Herbst 2013 auf \u201eHier spricht dein Herz\u201c Tournee geht.<!--more--><\/p>\n<p>Gewohnt gef\u00fchlvoll, neugierig und voller Optimismus macht er sich wieder auf, um sein Publikum mit sch\u00f6nem Songwriting, musikalischer Brillanz und purem Entertainment zu verzaubern. \u201eHier spricht dein Herz\u201c soll dazu ermutigen, eigene Wege zu gehen, seinen Leidenschaften zu folgen, auch wenn\u00e2\u20ac\u2122s manchmal schwierig wird. Das ist nicht nur eine Phrase, sondern auch die Reise, die Gregor selbst immer wieder unternimmt. Zu seinen Passionen geh\u00f6rt nicht nur die Musik, sondern auch ein Faible f\u00fcr gute K\u00fcche. Kein Wunder, dass er druckfrisch sein zweites Koch- und Songbuch \u201eSongs f\u00fcr echte Feinschmecker\u201c mit im Gep\u00e4ck hat. Und weil er seine Leidenschaften gerne auf der B\u00fchne auslebt, kann es schon einmal passieren, dass Gregor von Rezepten erz\u00e4hlt oder den \u201ebesten\u201c Cappuccino live f\u00fcr sein Publikum zubereitet.<\/p>\n<p>Ein Gregor Meyle Konzert ist einfach mehr als einen Musiker auf der B\u00fchne zu sehen. Seine gro\u00dfe Kunst ist die Interaktion mit den Zuh\u00f6rern. Wer ihn und seine Band schon einmal live erlebt hat, wei\u00df, dass es keine B\u00fchnenversion von ihm gibt. Gregor Meyle ist und klingt einfach nur wie Gregor Meyle. Er ist zu jeder Zeit 100% authentisch, gibt pers\u00f6nliche Geschichten zur Entstehung seiner Songs zum Besten oder sinniert \u00fcber all das, was f\u00fcr ihn in der Welt schief l\u00e4uft. Gregor Meyle spricht und singt den Zuschauern aus dem Herzen.<\/p>\n<p><strong>Tourdaten :<\/strong><\/p>\n<p>12.10.2013\u00c2\u00a0\u00c2\u00a0\u00c2\u00a0\u00c2\u00a0\u00c2\u00a0\u00c2\u00a0\u00c2\u00a0\u00c2\u00a0\u00c2\u00a0\u00c2\u00a0\u00c2\u00a0 Crailsheim\u00c2\u00a0\u00c2\u00a0\u00c2\u00a0\u00c2\u00a0\u00c2\u00a0\u00c2\u00a0\u00c2\u00a0\u00c2\u00a0\u00c2\u00a0\u00c2\u00a0\u00c2\u00a0\u00c2\u00a0\u00c2\u00a0\u00c2\u00a0\u00c2\u00a0\u00c2\u00a0\u00c2\u00a0\u00c2\u00a0\u00c2\u00a0\u00c2\u00a0\u00c2\u00a0 evangelische Christuskirche<\/p>\n<p>25.10.2013\u00c2\u00a0\u00c2\u00a0\u00c2\u00a0\u00c2\u00a0\u00c2\u00a0\u00c2\u00a0\u00c2\u00a0\u00c2\u00a0\u00c2\u00a0\u00c2\u00a0\u00c2\u00a0 Bad Breiig\u00c2\u00a0\u00c2\u00a0\u00c2\u00a0\u00c2\u00a0\u00c2\u00a0\u00c2\u00a0\u00c2\u00a0\u00c2\u00a0\u00c2\u00a0\u00c2\u00a0\u00c2\u00a0\u00c2\u00a0\u00c2\u00a0\u00c2\u00a0\u00c2\u00a0\u00c2\u00a0\u00c2\u00a0\u00c2\u00a0\u00c2\u00a0\u00c2\u00a0\u00c2\u00a0\u00c2\u00a0 Glasfabrik<\/p>\n<p>08.11.2013\u00c2\u00a0\u00c2\u00a0\u00c2\u00a0\u00c2\u00a0\u00c2\u00a0\u00c2\u00a0\u00c2\u00a0\u00c2\u00a0\u00c2\u00a0\u00c2\u00a0\u00c2\u00a0 Hannover\u00c2\u00a0\u00c2\u00a0\u00c2\u00a0\u00c2\u00a0\u00c2\u00a0\u00c2\u00a0\u00c2\u00a0\u00c2\u00a0\u00c2\u00a0\u00c2\u00a0\u00c2\u00a0\u00c2\u00a0\u00c2\u00a0\u00c2\u00a0\u00c2\u00a0\u00c2\u00a0\u00c2\u00a0\u00c2\u00a0\u00c2\u00a0\u00c2\u00a0\u00c2\u00a0\u00c2\u00a0\u00c2\u00a0 Marlene<\/p>\n<p>14.11.2013\u00c2\u00a0\u00c2\u00a0\u00c2\u00a0\u00c2\u00a0\u00c2\u00a0\u00c2\u00a0\u00c2\u00a0\u00c2\u00a0\u00c2\u00a0\u00c2\u00a0\u00c2\u00a0 Heidelberg\u00c2\u00a0\u00c2\u00a0\u00c2\u00a0\u00c2\u00a0\u00c2\u00a0\u00c2\u00a0\u00c2\u00a0\u00c2\u00a0\u00c2\u00a0\u00c2\u00a0\u00c2\u00a0\u00c2\u00a0\u00c2\u00a0\u00c2\u00a0\u00c2\u00a0\u00c2\u00a0\u00c2\u00a0\u00c2\u00a0\u00c2\u00a0\u00c2\u00a0\u00c2\u00a0 Halle 01<\/p>\n<p>16.11.2013\u00c2\u00a0\u00c2\u00a0\u00c2\u00a0\u00c2\u00a0\u00c2\u00a0\u00c2\u00a0\u00c2\u00a0\u00c2\u00a0\u00c2\u00a0\u00c2\u00a0\u00c2\u00a0 Jagsthausen\u00c2\u00a0\u00c2\u00a0\u00c2\u00a0\u00c2\u00a0\u00c2\u00a0\u00c2\u00a0\u00c2\u00a0\u00c2\u00a0\u00c2\u00a0\u00c2\u00a0\u00c2\u00a0\u00c2\u00a0\u00c2\u00a0\u00c2\u00a0\u00c2\u00a0\u00c2\u00a0\u00c2\u00a0\u00c2\u00a0 Cafe Piano<\/p>\n<p>17.11.2013\u00c2\u00a0\u00c2\u00a0\u00c2\u00a0\u00c2\u00a0\u00c2\u00a0\u00c2\u00a0\u00c2\u00a0\u00c2\u00a0\u00c2\u00a0\u00c2\u00a0\u00c2\u00a0 Seidenroth\u00c2\u00a0\u00c2\u00a0\u00c2\u00a0\u00c2\u00a0\u00c2\u00a0\u00c2\u00a0\u00c2\u00a0\u00c2\u00a0\u00c2\u00a0\u00c2\u00a0\u00c2\u00a0\u00c2\u00a0\u00c2\u00a0\u00c2\u00a0\u00c2\u00a0\u00c2\u00a0\u00c2\u00a0\u00c2\u00a0\u00c2\u00a0\u00c2\u00a0\u00c2\u00a0 Eulenspiegel<\/p>\n<p>29.11.2013\u00c2\u00a0\u00c2\u00a0\u00c2\u00a0\u00c2\u00a0\u00c2\u00a0\u00c2\u00a0\u00c2\u00a0\u00c2\u00a0\u00c2\u00a0\u00c2\u00a0\u00c2\u00a0 Karlsruhe\u00c2\u00a0\u00c2\u00a0\u00c2\u00a0\u00c2\u00a0\u00c2\u00a0\u00c2\u00a0\u00c2\u00a0\u00c2\u00a0\u00c2\u00a0\u00c2\u00a0\u00c2\u00a0\u00c2\u00a0\u00c2\u00a0\u00c2\u00a0\u00c2\u00a0\u00c2\u00a0\u00c2\u00a0\u00c2\u00a0\u00c2\u00a0\u00c2\u00a0\u00c2\u00a0\u00c2\u00a0\u00c2\u00a0 Radio Oriente<\/p>\n<p>30.11.2013\u00c2\u00a0\u00c2\u00a0\u00c2\u00a0\u00c2\u00a0\u00c2\u00a0\u00c2\u00a0\u00c2\u00a0\u00c2\u00a0\u00c2\u00a0\u00c2\u00a0\u00c2\u00a0 Backnang\u00c2\u00a0\u00c2\u00a0\u00c2\u00a0\u00c2\u00a0\u00c2\u00a0\u00c2\u00a0\u00c2\u00a0\u00c2\u00a0\u00c2\u00a0\u00c2\u00a0\u00c2\u00a0\u00c2\u00a0\u00c2\u00a0\u00c2\u00a0\u00c2\u00a0\u00c2\u00a0\u00c2\u00a0\u00c2\u00a0\u00c2\u00a0\u00c2\u00a0\u00c2\u00a0\u00c2\u00a0\u00c2\u00a0 Backnanger Stuben<\/p>\n<p>01.12.2013\u00c2\u00a0\u00c2\u00a0\u00c2\u00a0\u00c2\u00a0\u00c2\u00a0\u00c2\u00a0\u00c2\u00a0\u00c2\u00a0\u00c2\u00a0\u00c2\u00a0\u00c2\u00a0 Wiesbaden\u00c2\u00a0\u00c2\u00a0\u00c2\u00a0\u00c2\u00a0\u00c2\u00a0\u00c2\u00a0\u00c2\u00a0\u00c2\u00a0\u00c2\u00a0\u00c2\u00a0\u00c2\u00a0\u00c2\u00a0\u00c2\u00a0\u00c2\u00a0\u00c2\u00a0\u00c2\u00a0\u00c2\u00a0\u00c2\u00a0\u00c2\u00a0\u00c2\u00a0\u00c2\u00a0 Kulturzentrum Schlachthof<\/p>\n<p>05.12.2013\u00c2\u00a0\u00c2\u00a0\u00c2\u00a0\u00c2\u00a0\u00c2\u00a0\u00c2\u00a0\u00c2\u00a0\u00c2\u00a0\u00c2\u00a0\u00c2\u00a0\u00c2\u00a0 Oberwerrn\u00c2\u00a0\u00c2\u00a0\u00c2\u00a0\u00c2\u00a0\u00c2\u00a0\u00c2\u00a0\u00c2\u00a0\u00c2\u00a0\u00c2\u00a0\u00c2\u00a0\u00c2\u00a0\u00c2\u00a0\u00c2\u00a0\u00c2\u00a0\u00c2\u00a0\u00c2\u00a0\u00c2\u00a0\u00c2\u00a0\u00c2\u00a0\u00c2\u00a0\u00c2\u00a0\u00c2\u00a0 Kart Center Oberwerrn<\/p>\n<p>06.12.2013\u00c2\u00a0\u00c2\u00a0\u00c2\u00a0\u00c2\u00a0\u00c2\u00a0\u00c2\u00a0\u00c2\u00a0\u00c2\u00a0\u00c2\u00a0\u00c2\u00a0\u00c2\u00a0 Erlangen\u00c2\u00a0\u00c2\u00a0\u00c2\u00a0\u00c2\u00a0\u00c2\u00a0\u00c2\u00a0\u00c2\u00a0\u00c2\u00a0\u00c2\u00a0\u00c2\u00a0\u00c2\u00a0\u00c2\u00a0\u00c2\u00a0\u00c2\u00a0\u00c2\u00a0\u00c2\u00a0\u00c2\u00a0\u00c2\u00a0\u00c2\u00a0\u00c2\u00a0\u00c2\u00a0\u00c2\u00a0\u00c2\u00a0\u00c2\u00a0\u00c2\u00a0\u00c2\u00a0 Strohalm<\/p>\n<p>07.12.2013\u00c2\u00a0\u00c2\u00a0\u00c2\u00a0\u00c2\u00a0\u00c2\u00a0\u00c2\u00a0\u00c2\u00a0\u00c2\u00a0\u00c2\u00a0\u00c2\u00a0\u00c2\u00a0 Kassel\u00c2\u00a0\u00c2\u00a0\u00c2\u00a0\u00c2\u00a0\u00c2\u00a0\u00c2\u00a0\u00c2\u00a0\u00c2\u00a0\u00c2\u00a0\u00c2\u00a0\u00c2\u00a0\u00c2\u00a0\u00c2\u00a0\u00c2\u00a0\u00c2\u00a0\u00c2\u00a0\u00c2\u00a0\u00c2\u00a0\u00c2\u00a0\u00c2\u00a0\u00c2\u00a0\u00c2\u00a0\u00c2\u00a0\u00c2\u00a0\u00c2\u00a0\u00c2\u00a0\u00c2\u00a0\u00c2\u00a0\u00c2\u00a0\u00c2\u00a0 Theaterst\u00fcbchen<\/p>\n<p>15.12.2013\u00c2\u00a0\u00c2\u00a0\u00c2\u00a0\u00c2\u00a0\u00c2\u00a0\u00c2\u00a0\u00c2\u00a0\u00c2\u00a0\u00c2\u00a0\u00c2\u00a0\u00c2\u00a0 Berlin\u00c2\u00a0\u00c2\u00a0\u00c2\u00a0\u00c2\u00a0\u00c2\u00a0\u00c2\u00a0\u00c2\u00a0\u00c2\u00a0\u00c2\u00a0\u00c2\u00a0\u00c2\u00a0\u00c2\u00a0\u00c2\u00a0\u00c2\u00a0\u00c2\u00a0\u00c2\u00a0\u00c2\u00a0\u00c2\u00a0\u00c2\u00a0\u00c2\u00a0\u00c2\u00a0\u00c2\u00a0\u00c2\u00a0\u00c2\u00a0\u00c2\u00a0\u00c2\u00a0\u00c2\u00a0\u00c2\u00a0\u00c2\u00a0\u00c2\u00a0\u00c2\u00a0 Wabe<\/p>\n<p>20.12.2013\u00c2\u00a0\u00c2\u00a0\u00c2\u00a0\u00c2\u00a0\u00c2\u00a0\u00c2\u00a0\u00c2\u00a0\u00c2\u00a0\u00c2\u00a0\u00c2\u00a0\u00c2\u00a0 Frankfurt\u00c2\u00a0\u00c2\u00a0\u00c2\u00a0\u00c2\u00a0\u00c2\u00a0\u00c2\u00a0\u00c2\u00a0\u00c2\u00a0\u00c2\u00a0\u00c2\u00a0\u00c2\u00a0\u00c2\u00a0\u00c2\u00a0\u00c2\u00a0\u00c2\u00a0\u00c2\u00a0\u00c2\u00a0\u00c2\u00a0\u00c2\u00a0\u00c2\u00a0\u00c2\u00a0\u00c2\u00a0\u00c2\u00a0\u00c2\u00a0\u00c2\u00a0\u00c2\u00a0 Haus Sindlingen<\/p>\n<p>21.12.2013\u00c2\u00a0\u00c2\u00a0\u00c2\u00a0\u00c2\u00a0\u00c2\u00a0\u00c2\u00a0\u00c2\u00a0\u00c2\u00a0\u00c2\u00a0\u00c2\u00a0\u00c2\u00a0\u00c2\u00a0 K\u00f6ln\u00c2\u00a0\u00c2\u00a0\u00c2\u00a0\u00c2\u00a0\u00c2\u00a0\u00c2\u00a0\u00c2\u00a0\u00c2\u00a0\u00c2\u00a0\u00c2\u00a0\u00c2\u00a0\u00c2\u00a0\u00c2\u00a0\u00c2\u00a0\u00c2\u00a0\u00c2\u00a0\u00c2\u00a0\u00c2\u00a0\u00c2\u00a0\u00c2\u00a0\u00c2\u00a0\u00c2\u00a0\u00c2\u00a0\u00c2\u00a0\u00c2\u00a0\u00c2\u00a0\u00c2\u00a0\u00c2\u00a0\u00c2\u00a0\u00c2\u00a0\u00c2\u00a0\u00c2\u00a0\u00c2\u00a0 Altes Pfandhaus<\/p>\n<p>22.12.2013\u00c2\u00a0\u00c2\u00a0\u00c2\u00a0\u00c2\u00a0\u00c2\u00a0\u00c2\u00a0\u00c2\u00a0\u00c2\u00a0\u00c2\u00a0\u00c2\u00a0\u00c2\u00a0\u00c2\u00a0 Hamburg\u00c2\u00a0\u00c2\u00a0\u00c2\u00a0\u00c2\u00a0\u00c2\u00a0\u00c2\u00a0\u00c2\u00a0\u00c2\u00a0\u00c2\u00a0\u00c2\u00a0\u00c2\u00a0\u00c2\u00a0\u00c2\u00a0\u00c2\u00a0\u00c2\u00a0\u00c2\u00a0\u00c2\u00a0\u00c2\u00a0\u00c2\u00a0\u00c2\u00a0\u00c2\u00a0\u00c2\u00a0\u00c2\u00a0\u00c2\u00a0\u00c2\u00a0 Nochtspeicher<\/p>\n","protected":false},"excerpt":{"rendered":"<div class=\"tmnf_excerpt\"><p>Steinau a.d. Stra\u00dfe. Stefan Raab nennt ihn einen \u201ebegnadeten Songwriter\u201c, Mary Roos covert seinen Song \u201eDenk was du willst\u201c und macht ihn zum Titelsong ihres aktuellen Jazz Albums, Xavier Naidoo, Stefanie Heinzmann, Edo Zanki und Tim M\u00e4lzer sind gro\u00dfe Fans seiner Musik. Die Rede ist von Songpoet Gregor Meyle, der im Herbst 2013 auf \u201eHier &hellip;<\/p>\n<\/div>","protected":false},"author":1,"featured_media":0,"comment_status":"closed","ping_status":"closed","sticky":false,"template":"","format":"standard","meta":{"footnotes":""},"categories":[1,44],"tags":[],"class_list":["post-115754","post","type-post","status-publish","format-standard","hentry","category-startseite","category-kultur"],"_links":{"self":[{"href":"https:\/\/www.fuldaernachrichten.de\/index.php?rest_route=\/wp\/v2\/posts\/115754","targetHints":{"allow":["GET"]}}],"collection":[{"href":"https:\/\/www.fuldaernachrichten.de\/index.php?rest_route=\/wp\/v2\/posts"}],"about":[{"href":"https:\/\/www.fuldaernachrichten.de\/index.php?rest_route=\/wp\/v2\/types\/post"}],"author":[{"embeddable":true,"href":"https:\/\/www.fuldaernachrichten.de\/index.php?rest_route=\/wp\/v2\/users\/1"}],"replies":[{"embeddable":true,"href":"https:\/\/www.fuldaernachrichten.de\/index.php?rest_route=%2Fwp%2Fv2%2Fcomments&post=115754"}],"version-history":[{"count":1,"href":"https:\/\/www.fuldaernachrichten.de\/index.php?rest_route=\/wp\/v2\/posts\/115754\/revisions"}],"predecessor-version":[{"id":115758,"href":"https:\/\/www.fuldaernachrichten.de\/index.php?rest_route=\/wp\/v2\/posts\/115754\/revisions\/115758"}],"wp:attachment":[{"href":"https:\/\/www.fuldaernachrichten.de\/index.php?rest_route=%2Fwp%2Fv2%2Fmedia&parent=115754"}],"wp:term":[{"taxonomy":"category","embeddable":true,"href":"https:\/\/www.fuldaernachrichten.de\/index.php?rest_route=%2Fwp%2Fv2%2Fcategories&post=115754"},{"taxonomy":"post_tag","embeddable":true,"href":"https:\/\/www.fuldaernachrichten.de\/index.php?rest_route=%2Fwp%2Fv2%2Ftags&post=115754"}],"curies":[{"name":"wp","href":"https:\/\/api.w.org\/{rel}","templated":true}]}}