{"id":115747,"date":"2013-10-24T00:13:03","date_gmt":"2013-10-24T00:13:03","guid":{"rendered":"http:\/\/www.fuldaer-nachrichten.de\/?p=115747"},"modified":"2013-10-23T16:28:41","modified_gmt":"2013-10-23T16:28:41","slug":"sonderabfall-kleinmengensammlung-vom-28-oktober-bis-2-november","status":"publish","type":"post","link":"https:\/\/www.fuldaernachrichten.de\/?p=115747","title":{"rendered":"Sonderabfall-Kleinmengensammlung vom 28. Oktober bis 2. November"},"content":{"rendered":"<p><a href=\"http:\/\/www.fuldaer-nachrichten.de\/wp-content\/uploads\/2013\/10\/468-SITA-LKW.jpg\"><img fetchpriority=\"high\" decoding=\"async\" class=\"alignleft size-thumbnail wp-image-115749\" alt=\"468-SITA-LKW\" src=\"http:\/\/www.fuldaer-nachrichten.de\/wp-content\/uploads\/2013\/10\/468-SITA-LKW-265x198.jpg\" width=\"265\" height=\"198\" srcset=\"https:\/\/www.fuldaernachrichten.de\/wp-content\/uploads\/2013\/10\/468-SITA-LKW-265x198.jpg 265w, https:\/\/www.fuldaernachrichten.de\/wp-content\/uploads\/2013\/10\/468-SITA-LKW.jpg 600w\" sizes=\"(max-width: 265px) 100vw, 265px\" \/><\/a>Landkreis Fulda. Der Landkreis Fulda sammelt vom 28. Oktober bis 2. November 2013 wieder kostenlos schadstoffhaltige Abf\u00e4lle aus den Bereichen Haushalt, Auto, Garten und Hobby sowie Gesundheit und K\u00f6rperpflege. Ausgenommen sind Abf\u00e4lle aus Gewerbe-, Industrie- und Dienstleistungsbetrieben.<!--more--><\/p>\n<p>Zum Sonderm\u00fcll z\u00e4hlt der Abfall, der eine besonders gro\u00dfe Gefahr f\u00fcr Gesundheit und Umwelt darstellt. Deshalb d\u00fcrfen diese besonders schadstoffhaltigen Abf\u00e4lle nicht zusammen mit dem Hausm\u00fcll entsorgt werden. Zu schadstoffhaltigen Abf\u00e4llen geh\u00f6ren beispielsweise S\u00e4uren und Laugen, \u00d6lschl\u00e4mme, Abbeizmittel, Chemikalien, D\u00fcngemittel, Fotochemikalien, Holzschutzmittel, Klebstoffe, Lacke und Farben mit Ausnahme von Dispersionsfarben, L\u00f6sungsmittel, Pinselreiniger, Spraydosen, Fieberthermometer und Nagellackentferner.<\/p>\n<p>Die Abf\u00e4lle sind voneinander getrennt und in geschlossenen Beh\u00e4ltern pers\u00f6nlich abzugeben. Gesammelt wird an folgenden Terminen:<\/p>\n<table border=\"1\" cellspacing=\"0\" cellpadding=\"0\">\n<tbody>\n<tr>\n<td valign=\"top\" width=\"75\"><b>Montag,<\/b><b>28.10.2013<\/b><\/p>\n<p><b>\u00c2\u00a0<\/b><\/p>\n<p><b>\u00c2\u00a0<\/b><\/td>\n<td valign=\"top\" width=\"107\">8.30 &#8211; 10.15 Uhr<\/p>\n<p>10.45 &#8211; 12.30 Uhr<\/p>\n<p>13.15 &#8211; 15.00 Uhr<\/p>\n<p>15.30 &#8211; 17.00 Uhr<\/td>\n<td valign=\"top\" width=\"326\"><b>\u00c2\u00a0<\/b><b>Flieden (Parkplatz Festplatz)<\/b><\/p>\n<p><b>Neuhof (Wertstoffhof\/Bauhof Schwebener Str. 32 \u2013 NEU!) <\/b><\/p>\n<p><b>Kalbach (Bauhof Mittelkalbach)<\/b><\/p>\n<p><b>Eichenzell (Parkplatz Von-Galen-Schule)<\/b><\/p>\n<p><b>\u00c2\u00a0<\/b><\/td>\n<\/tr>\n<tr>\n<td valign=\"top\" width=\"75\"><b>Dienstag,<\/b><b>29.10.2013<\/b><\/td>\n<td valign=\"top\" width=\"107\">8.30 &#8211; 10.15 Uhr<\/p>\n<p>11.00 &#8211; 12.45 Uhr<\/p>\n<p>13.15 &#8211; 14.30 Uhr<\/p>\n<p>15.00 &#8211; 17.00 Uhr<\/td>\n<td valign=\"top\" width=\"326\"><b>\u00c2\u00a0<\/b><b>Tann (Parkplatz Rh\u00f6nhalle)<\/b><\/p>\n<p><b>N\u00fcsttal (Parkplatz DGH, Hofaschenbach)<\/b><\/p>\n<p><b>Hofbieber (Feuerwehrger\u00e4tehaus)<\/b><\/p>\n<p><b>Petersberg (Parkplatz Waidesgrundstadion)<\/b><\/p>\n<p><b>\u00c2\u00a0<\/b><\/td>\n<\/tr>\n<tr>\n<td valign=\"top\" width=\"75\"><b>Mittwoch,<\/b><b>30.10.2013<\/b><\/td>\n<td valign=\"top\" width=\"107\">8.30 &#8211; 10.00 Uhr<\/p>\n<p>10.30 &#8211; 12.00 Uhr<\/p>\n<p>12.45 &#8211; 14.15 Uhr<\/p>\n<p>14.45 &#8211; 17.00 Uhr<\/p>\n<p>&nbsp;<\/td>\n<td valign=\"top\" width=\"326\"><b>\u00c2\u00a0<\/b><b>Rasdorf (Am Anger)<\/b><\/p>\n<p><b>Eiterfeld (Parkplatz am Badepark Eiterfeld)<\/b><\/p>\n<p><b>Burghaun (Parkplatz Sportgel\u00e4nde)<\/b><\/p>\n<p><b>H\u00fcnfeld (auf dem Festplatz \u201eZum Haselsee\u201c)<\/b><\/p>\n<p><b>\u00c2\u00a0<\/b><\/td>\n<\/tr>\n<tr>\n<td valign=\"top\" width=\"75\"><b>Donnerstag,<\/b><b>31.10.2013<\/b><\/td>\n<td valign=\"top\" width=\"107\">8.30 &#8211; 10.15 Uhr<\/p>\n<p>10.45 &#8211; 12.30 Uhr<\/p>\n<p>13.15 &#8211; 15.00 Uhr<\/p>\n<p>15.30 &#8211; 17.00 Uhr<\/p>\n<p>&nbsp;<\/td>\n<td valign=\"top\" width=\"326\"><b>\u00c2\u00a0<\/b><b>Ehrenberg (Parkplatz hinter tegut-Markt)<\/b><\/p>\n<p><b>Hilders (Platz vor dem Ulstersaal, Findloser Weg 2)<\/b><\/p>\n<p><b>Dipperz (Feuerwehrger\u00e4tehaus unterhalb des Sportplatzes)<\/b><\/p>\n<p><b>K\u00fcnzell (Parkplatz Gemeindezentrum)<\/b><\/td>\n<\/tr>\n<tr>\n<td valign=\"top\" width=\"75\"><b>Freitag,<\/b><b>01.11.2013<\/b><\/td>\n<td valign=\"top\" width=\"107\">8.30 &#8211; 10.15 Uhr<\/p>\n<p>10.45 &#8211; 12.30 Uhr<\/p>\n<p>13.15 &#8211; 15.00 Uhr<\/td>\n<td valign=\"top\" width=\"326\"><b>\u00c2\u00a0<\/b><b>Poppenhausen (Sport- und Freizeitanlage L\u00fcttergrund \u2013 NEU!)<\/b><\/p>\n<p><b>Gersfeld (Parkplatz \u201eKempf\u201c, Moorstr.\/Am Pfort &#8211; NEU!) Ebersburg (Parkplatz B\u00fcrgerhaus, Schmalnau)<\/b><\/p>\n<p><b>\u00c2\u00a0<\/b><\/td>\n<\/tr>\n<tr>\n<td valign=\"top\" width=\"75\"><b>Samstag,<\/b><b>02.11.2013<\/b><\/td>\n<td valign=\"top\" width=\"107\">8.30 &#8211; 10.00 Uhr<\/p>\n<p>10.30 &#8211; 12.00 Uhr<\/p>\n<p>12.30 &#8211; 14.00 Uhr<\/p>\n<p>&nbsp;<\/td>\n<td valign=\"top\" width=\"326\"><b>\u00c2\u00a0<\/b><b>Hosenfeld (Parkplatz Gemeindeverwaltung)<\/b><\/p>\n<p><b>Bad Salzschlirf (Parkplatz Gemeindezentrum) <\/b><\/p>\n<p><b>Gro\u00dfenl\u00fcder (Parkplatz bei den Tennispl\u00e4tzen, St. Georgstr.)<\/b><\/p>\n<p><b>\u00c2\u00a0<\/b><\/td>\n<\/tr>\n<\/tbody>\n<\/table>\n<p>Schadstoffhaltige Abf\u00e4lle k\u00f6nnen auch jeden ersten Samstag von 8.00 Uhr bis 12.00 Uhr und jeden dritten Donnerstag im Monat von 8.00 Uhr bis 16.00 Uhr an der station\u00e4ren Annahmestelle der Firma \u201eSita\u201c, Hermann-Muth-Stra\u00dfe 8, in Fulda kostenlos abgegeben werden.<\/p>\n<p>Nicht angenommen werden Autobatterien, Leuchtstoff- und Energiesparlampen, Feuerl\u00f6scher sowie Arzneimittel. Abf\u00e4lle aus Gewerbe-, Industrie- und Dienstleistungsbetrieben werden bei der mobilen Sammlung ebenfalls nicht angenommen, sondern k\u00f6nnen bei der station\u00e4ren Sammelstelle der Firma \u201eSita\u201c gegen Geb\u00fchr abgegeben werden.<\/p>\n<p>Weitere Informationen erteilt der Fachdienst Abfallwirtschaft des Landkreises Fulda, W\u00f6rthstra\u00dfe 15, 36037 Fulda, Telefon (0661)6006-381.<\/p>\n<p>&nbsp;<\/p>\n","protected":false},"excerpt":{"rendered":"<div class=\"tmnf_excerpt\"><p>Landkreis Fulda. Der Landkreis Fulda sammelt vom 28. Oktober bis 2. November 2013 wieder kostenlos schadstoffhaltige Abf\u00e4lle aus den Bereichen Haushalt, Auto, Garten und Hobby sowie Gesundheit und K\u00f6rperpflege. Ausgenommen sind Abf\u00e4lle aus Gewerbe-, Industrie- und Dienstleistungsbetrieben.<\/p>\n<\/div>","protected":false},"author":1,"featured_media":0,"comment_status":"closed","ping_status":"closed","sticky":false,"template":"","format":"standard","meta":{"footnotes":""},"categories":[1,52],"tags":[],"class_list":["post-115747","post","type-post","status-publish","format-standard","hentry","category-startseite","category-umwelt"],"_links":{"self":[{"href":"https:\/\/www.fuldaernachrichten.de\/index.php?rest_route=\/wp\/v2\/posts\/115747","targetHints":{"allow":["GET"]}}],"collection":[{"href":"https:\/\/www.fuldaernachrichten.de\/index.php?rest_route=\/wp\/v2\/posts"}],"about":[{"href":"https:\/\/www.fuldaernachrichten.de\/index.php?rest_route=\/wp\/v2\/types\/post"}],"author":[{"embeddable":true,"href":"https:\/\/www.fuldaernachrichten.de\/index.php?rest_route=\/wp\/v2\/users\/1"}],"replies":[{"embeddable":true,"href":"https:\/\/www.fuldaernachrichten.de\/index.php?rest_route=%2Fwp%2Fv2%2Fcomments&post=115747"}],"version-history":[{"count":2,"href":"https:\/\/www.fuldaernachrichten.de\/index.php?rest_route=\/wp\/v2\/posts\/115747\/revisions"}],"predecessor-version":[{"id":115750,"href":"https:\/\/www.fuldaernachrichten.de\/index.php?rest_route=\/wp\/v2\/posts\/115747\/revisions\/115750"}],"wp:attachment":[{"href":"https:\/\/www.fuldaernachrichten.de\/index.php?rest_route=%2Fwp%2Fv2%2Fmedia&parent=115747"}],"wp:term":[{"taxonomy":"category","embeddable":true,"href":"https:\/\/www.fuldaernachrichten.de\/index.php?rest_route=%2Fwp%2Fv2%2Fcategories&post=115747"},{"taxonomy":"post_tag","embeddable":true,"href":"https:\/\/www.fuldaernachrichten.de\/index.php?rest_route=%2Fwp%2Fv2%2Ftags&post=115747"}],"curies":[{"name":"wp","href":"https:\/\/api.w.org\/{rel}","templated":true}]}}