{"id":115735,"date":"2013-10-23T07:00:09","date_gmt":"2013-10-23T07:00:09","guid":{"rendered":"http:\/\/www.fuldaer-nachrichten.de\/?p=115735"},"modified":"2013-10-23T07:05:21","modified_gmt":"2013-10-23T07:05:21","slug":"delegation-von-mini-fulda-zu-besuch-bei-oberbuergermeister-gerhard-moeller","status":"publish","type":"post","link":"https:\/\/www.fuldaernachrichten.de\/?p=115735","title":{"rendered":"Delegation von \u201eMini-Fulda\u201c zu Besuch bei Oberb\u00fcrgermeister Gerhard M\u00f6ller"},"content":{"rendered":"<p><a href=\"http:\/\/www.fuldaer-nachrichten.de\/wp-content\/uploads\/2013\/10\/DSC_0010.jpg\"><img decoding=\"async\" class=\"alignleft size-thumbnail wp-image-115737\" alt=\"DSC_0010\" src=\"http:\/\/www.fuldaer-nachrichten.de\/wp-content\/uploads\/2013\/10\/DSC_0010-265x175.jpg\" width=\"265\" height=\"175\" srcset=\"https:\/\/www.fuldaernachrichten.de\/wp-content\/uploads\/2013\/10\/DSC_0010-265x175.jpg 265w, https:\/\/www.fuldaernachrichten.de\/wp-content\/uploads\/2013\/10\/DSC_0010.jpg 600w\" sizes=\"(max-width: 265px) 100vw, 265px\" \/><\/a>Fulda (sw). Junger Besuch im Stadtschloss Fulda: Eine Delegation des Ferienprogramms \u201eMini-Fulda\u201c &#8211; bestehend aus dem Fernseh-,\u00c2\u00a0 dem Presse- und dem Rathausteam sowie den B\u00fcrgermeisterinnen Dilara (10 J.) und Lioba (9 J.) besuchten Oberb\u00fcrgermeister Gerhard M\u00f6ller. Ihrem \u201eAmtskollegen\u201c erz\u00e4hlten Dilara und Lioba, wie sie zu B\u00fcrgermeisterinnen gew\u00e4hlt wurden und wie sie sich mit dem Slogan \u201eWir sind f\u00fcr das Volk\u201c gegen die Konkurrenz durchgesetzt haben. Die Acht- bis Zw\u00f6lfj\u00e4hrigen berichteten begeistert von den Erlebnissen aus der Spielstadt und stellten OB M\u00f6ller jede Menge Fragen: \u201eWelche Aufgaben hat man als Oberb\u00fcrgermeister?\u201c, \u201eWie kamen Sie zu diesem Job?\u201c, Was gef\u00e4llt Ihnen an Ihrem Beruf?\u201c, Worauf muss man als Oberb\u00fcrgermeister besonders beachten?\u201c.<!--more--><\/p>\n<p><strong>Tagesablauf in \u201eMini Fulda\u201c<\/strong><\/p>\n<p><a href=\"http:\/\/www.fuldaer-nachrichten.de\/wp-content\/uploads\/2013\/10\/DSC_0006.jpg\"><img decoding=\"async\" class=\"alignleft size-thumbnail wp-image-115736\" alt=\"DSC_0006\" src=\"http:\/\/www.fuldaer-nachrichten.de\/wp-content\/uploads\/2013\/10\/DSC_0006-265x175.jpg\" width=\"265\" height=\"175\" srcset=\"https:\/\/www.fuldaernachrichten.de\/wp-content\/uploads\/2013\/10\/DSC_0006-265x175.jpg 265w, https:\/\/www.fuldaernachrichten.de\/wp-content\/uploads\/2013\/10\/DSC_0006.jpg 600w\" sizes=\"(max-width: 265px) 100vw, 265px\" \/><\/a>Die Spielstadt \u201eMini Fulda\u201c ist eine Ferienfreizeit der Kinder- und Jugendf\u00f6rderung der Stadt Fulda, die in der ersten Herbstferienwoche angeboten wurde. In dieser Stadt gibt es jede Menge Spa\u00df und Aktionen und es geht zu wie im \u201eechten Leben\u201c. \u201eMini Fulda\u201c hatte dieses Jahr 71 Einwohner, die sich alle morgens um 7:30 Uhr am Arbeitsamt melden mussten, um eine Arbeitsstelle zu bekommen. Wie im echten Leben konnte aber nicht jeder seinen Lieblingsberuf aus\u00fcben, so dass so mancher auch arbeitslos gewesen ist. Es gab viele verschiedene Berufe, wie zum Beispiel B\u00e4cker, Schreiner, Presse, Fernsehteam, Kioskbesitzer, etc. Die Kinder bekamen f\u00fcr ihre Arbeit einen Lohn von f\u00fcnf Fuldatalern pro Stunde, von denen jedoch noch ein Taler f\u00fcr Steuern abgezogen wurde. Als Arbeitsloser erhielt man nur einen Taler pro Stunde und konnte sich dadurch nicht soviel leisten. Mit diesem Geld konnten die Kinder in der Spielstadt zum Beispiel Brot, S\u00fc\u00dfigkeiten, Getr\u00e4nke oder Zeitungen kaufen. Wer wollte, der konnte auch B\u00fcrgermeister dieser Stadt werden und somit die Geschicke mitbestimmen. Das diesj\u00e4hrige B\u00fcrgermeisterteam ist sich einig, dass ihnen die Spielstadt wirklich sehr gut gefallen hat und einen ersten Einblick in die Realit\u00e4t bringt.<\/p>\n","protected":false},"excerpt":{"rendered":"<div class=\"tmnf_excerpt\"><p>Fulda (sw). Junger Besuch im Stadtschloss Fulda: Eine Delegation des Ferienprogramms \u201eMini-Fulda\u201c &#8211; bestehend aus dem Fernseh-,\u00c2\u00a0 dem Presse- und dem Rathausteam sowie den B\u00fcrgermeisterinnen Dilara (10 J.) und Lioba (9 J.) besuchten Oberb\u00fcrgermeister Gerhard M\u00f6ller. Ihrem \u201eAmtskollegen\u201c erz\u00e4hlten Dilara und Lioba, wie sie zu B\u00fcrgermeisterinnen gew\u00e4hlt wurden und wie sie sich mit dem Slogan &hellip;<\/p>\n<\/div>","protected":false},"author":1,"featured_media":0,"comment_status":"closed","ping_status":"closed","sticky":false,"template":"","format":"standard","meta":{"footnotes":""},"categories":[1,72],"tags":[],"class_list":["post-115735","post","type-post","status-publish","format-standard","hentry","category-startseite","category-jugend"],"_links":{"self":[{"href":"https:\/\/www.fuldaernachrichten.de\/index.php?rest_route=\/wp\/v2\/posts\/115735","targetHints":{"allow":["GET"]}}],"collection":[{"href":"https:\/\/www.fuldaernachrichten.de\/index.php?rest_route=\/wp\/v2\/posts"}],"about":[{"href":"https:\/\/www.fuldaernachrichten.de\/index.php?rest_route=\/wp\/v2\/types\/post"}],"author":[{"embeddable":true,"href":"https:\/\/www.fuldaernachrichten.de\/index.php?rest_route=\/wp\/v2\/users\/1"}],"replies":[{"embeddable":true,"href":"https:\/\/www.fuldaernachrichten.de\/index.php?rest_route=%2Fwp%2Fv2%2Fcomments&post=115735"}],"version-history":[{"count":1,"href":"https:\/\/www.fuldaernachrichten.de\/index.php?rest_route=\/wp\/v2\/posts\/115735\/revisions"}],"predecessor-version":[{"id":115738,"href":"https:\/\/www.fuldaernachrichten.de\/index.php?rest_route=\/wp\/v2\/posts\/115735\/revisions\/115738"}],"wp:attachment":[{"href":"https:\/\/www.fuldaernachrichten.de\/index.php?rest_route=%2Fwp%2Fv2%2Fmedia&parent=115735"}],"wp:term":[{"taxonomy":"category","embeddable":true,"href":"https:\/\/www.fuldaernachrichten.de\/index.php?rest_route=%2Fwp%2Fv2%2Fcategories&post=115735"},{"taxonomy":"post_tag","embeddable":true,"href":"https:\/\/www.fuldaernachrichten.de\/index.php?rest_route=%2Fwp%2Fv2%2Ftags&post=115735"}],"curies":[{"name":"wp","href":"https:\/\/api.w.org\/{rel}","templated":true}]}}