{"id":115731,"date":"2013-10-23T07:00:19","date_gmt":"2013-10-23T07:00:19","guid":{"rendered":"http:\/\/www.fuldaer-nachrichten.de\/?p=115731"},"modified":"2013-10-23T07:00:19","modified_gmt":"2013-10-23T07:00:19","slug":"sonntagsmatinee-mit-live-musik-und-gaumenfreuden-trio-close-the-circle-spielt-im-klinikum","status":"publish","type":"post","link":"https:\/\/www.fuldaernachrichten.de\/?p=115731","title":{"rendered":"Sonntagsmatinee mit Live-Musik und Gaumenfreuden: Trio &#8220;Close the Circle&#8221; spielt im Klinikum"},"content":{"rendered":"<div>\n<p><a href=\"http:\/\/www.fuldaer-nachrichten.de\/wp-content\/uploads\/2013\/10\/Sonntagsmatinee_Close-the-circle_DSC_0982.jpg\"><img fetchpriority=\"high\" decoding=\"async\" class=\"alignleft size-thumbnail wp-image-115732\" alt=\"Sonntagsmatinee_Close the circle_DSC_0982\" src=\"http:\/\/www.fuldaer-nachrichten.de\/wp-content\/uploads\/2013\/10\/Sonntagsmatinee_Close-the-circle_DSC_0982-265x199.jpg\" width=\"265\" height=\"199\" srcset=\"https:\/\/www.fuldaernachrichten.de\/wp-content\/uploads\/2013\/10\/Sonntagsmatinee_Close-the-circle_DSC_0982-265x199.jpg 265w, https:\/\/www.fuldaernachrichten.de\/wp-content\/uploads\/2013\/10\/Sonntagsmatinee_Close-the-circle_DSC_0982.jpg 600w\" sizes=\"(max-width: 265px) 100vw, 265px\" \/><\/a>Fulda. Kultur im Krankenhaus, mit Live-Musik und kulinarischen Gen\u00fcssen &#8211; das verspricht das Klinikum Fulda wieder am 27. Oktober 2013, von 10.00 bis 12.00 Uhr im Rahmen der Sonntagsmatinee in der Eingangshalle. Im Rahmen der Reihe \u201eSonntagsmatinee\u201c sorgen am Sonntagvormittag drei junge K\u00fcnstler der Musikschule der Stadt Fulda mit mehrstimmigem Gesang f\u00fcr eine einzigartige Stimmung in der Eingangshalle des Klinikums. Das Pop-Trio \u201eClose the Circle\u201c pr\u00e4sentiert Klassiker aus Rock und Pop im neuen Gewand. Patienten, Besucher, Angeh\u00f6rige und Mitarbeiter k\u00f6nnen unter dem Motto \u201eMorning breeze und Butterbrezel\u201c den Unplugged-Sound und das reichhaltige kulinarische Angebot der B\u00e4ckerei Happ genie\u00dfen \u2013 vom Fr\u00fchst\u00fcck bis zum umfangreichen Brunch.<\/p>\n<\/div>\n","protected":false},"excerpt":{"rendered":"<div class=\"tmnf_excerpt\"><p>Fulda. Kultur im Krankenhaus, mit Live-Musik und kulinarischen Gen\u00fcssen &#8211; das verspricht das Klinikum Fulda wieder am 27. Oktober 2013, von 10.00 bis 12.00 Uhr im Rahmen der Sonntagsmatinee in der Eingangshalle. Im Rahmen der Reihe \u201eSonntagsmatinee\u201c sorgen am Sonntagvormittag drei junge K\u00fcnstler der Musikschule der Stadt Fulda mit mehrstimmigem Gesang f\u00fcr eine einzigartige Stimmung &hellip;<\/p>\n<\/div>","protected":false},"author":1,"featured_media":0,"comment_status":"closed","ping_status":"closed","sticky":false,"template":"","format":"standard","meta":{"footnotes":""},"categories":[1,51,44],"tags":[],"class_list":["post-115731","post","type-post","status-publish","format-standard","hentry","category-startseite","category-medizin","category-kultur"],"_links":{"self":[{"href":"https:\/\/www.fuldaernachrichten.de\/index.php?rest_route=\/wp\/v2\/posts\/115731","targetHints":{"allow":["GET"]}}],"collection":[{"href":"https:\/\/www.fuldaernachrichten.de\/index.php?rest_route=\/wp\/v2\/posts"}],"about":[{"href":"https:\/\/www.fuldaernachrichten.de\/index.php?rest_route=\/wp\/v2\/types\/post"}],"author":[{"embeddable":true,"href":"https:\/\/www.fuldaernachrichten.de\/index.php?rest_route=\/wp\/v2\/users\/1"}],"replies":[{"embeddable":true,"href":"https:\/\/www.fuldaernachrichten.de\/index.php?rest_route=%2Fwp%2Fv2%2Fcomments&post=115731"}],"version-history":[{"count":1,"href":"https:\/\/www.fuldaernachrichten.de\/index.php?rest_route=\/wp\/v2\/posts\/115731\/revisions"}],"predecessor-version":[{"id":115733,"href":"https:\/\/www.fuldaernachrichten.de\/index.php?rest_route=\/wp\/v2\/posts\/115731\/revisions\/115733"}],"wp:attachment":[{"href":"https:\/\/www.fuldaernachrichten.de\/index.php?rest_route=%2Fwp%2Fv2%2Fmedia&parent=115731"}],"wp:term":[{"taxonomy":"category","embeddable":true,"href":"https:\/\/www.fuldaernachrichten.de\/index.php?rest_route=%2Fwp%2Fv2%2Fcategories&post=115731"},{"taxonomy":"post_tag","embeddable":true,"href":"https:\/\/www.fuldaernachrichten.de\/index.php?rest_route=%2Fwp%2Fv2%2Ftags&post=115731"}],"curies":[{"name":"wp","href":"https:\/\/api.w.org\/{rel}","templated":true}]}}