{"id":115729,"date":"2013-10-23T06:54:19","date_gmt":"2013-10-23T06:54:19","guid":{"rendered":"http:\/\/www.fuldaer-nachrichten.de\/?p=115729"},"modified":"2013-10-23T06:54:19","modified_gmt":"2013-10-23T06:54:19","slug":"faw-bildet-betreuungskraefte-fuer-demenzerkrante-aus","status":"publish","type":"post","link":"https:\/\/www.fuldaernachrichten.de\/?p=115729","title":{"rendered":"FAW bildet Betreuungskr\u00e4fte f\u00fcr Demenzerkrante aus"},"content":{"rendered":"<p><b>Hanau<\/b>. Die Fortbildungsakademie der Wirtschaft (FAW) gGmbH in Hanau bietet ab dem 1. November 2013 erneut eine Weiterbildung f\u00fcr Betreuungskr\u00e4fte von Demenzpatienten an. Vor dem Hintergrund des demographischen Wandels stellt die Pflege und Betreuung von Demenzkranken eine immer wichtigere Herausforderung dar. Bis zu 1,4 Millionen Menschen sind schon heute an Demenz erkrankt und die Anzahl der Neuerkrankungen steigt stetig an. Eine der zentralen Voraussetzungen f\u00fcr eine gute Betreuung in Pflegeheimen ist das Vorhalten ausreichenden und entsprechend qualifizierten Personals. Zumal die Betreuung von dementiell erkrankten Menschen nach gut geschultem Pflegepersonal und Mitarbeiterinnen verlangt, die sich Zeit nehmen k\u00f6nnen f\u00fcr Gespr\u00e4che, Spiele, Bewegungs\u00fcbungen und andere Aktivit\u00e4ten. <!--more--><\/p>\n<p>Seit im Jahr 2008 die Richtlinien zur Qualifikation zus\u00e4tzlicher Betreuungskr\u00e4fte in Pflegeheimen in Kraft gesetzt wurden, arbeiten rund drei Prozent der Besch\u00e4ftigten in station\u00e4ren Pflegeheimen als Betreuungskr\u00e4fte. Der Schwerpunkt ihrer Arbeit liegt auf Gespr\u00e4chen mit den zu betreuenden Personen, dem (Vor)Lesen, Musik h\u00f6ren, Spazieren gehen, malen, basteln, tanzen und dem Besuch von kulturellen Veranstaltungen. Ferner werden konkrete Methoden wie die Basale Stimulation, die Zehn-Minuten-Aktivierung oder das Ged\u00e4chtnistraining angewandt. Zu den Aufgaben von Betreuungskr\u00e4ften geh\u00f6ren aber auch die Hilfen, die bei der Durchf\u00fchrung der Aktivierungst\u00e4tigkeiten unaufschiebbar und unmittelbar erforderlich sind, wenn eine examinierte Pflegekraft nicht rechtzeitig zur Verf\u00fcgung steht.<\/p>\n<p>Die zertifizierte Weiterbildung der FAW, in der zwei Praktika integriert sind, bereitet auf die Aufgaben als Betreuungskraft vor. Sie dauert vom 1. November 2013 bis 23. Dezember 2013 und kann \u00fcber einen Bildungsgutschein gef\u00f6rdert werden. Wer Interesse an dieser Weiterbildung hat, wendet sich an Ulrich Lilienthal, Fortbildungsakademie der Wirtschaft (FAW) gGmbH, Ulanenplatz 11, 63452 Hanau, Telefon 06181\/92168-15, E-Mail: ulrich.lilienthal@faw.de.<\/p>\n","protected":false},"excerpt":{"rendered":"<div class=\"tmnf_excerpt\"><p>Hanau. Die Fortbildungsakademie der Wirtschaft (FAW) gGmbH in Hanau bietet ab dem 1. November 2013 erneut eine Weiterbildung f\u00fcr Betreuungskr\u00e4fte von Demenzpatienten an. Vor dem Hintergrund des demographischen Wandels stellt die Pflege und Betreuung von Demenzkranken eine immer wichtigere Herausforderung dar. Bis zu 1,4 Millionen Menschen sind schon heute an Demenz erkrankt und die Anzahl &hellip;<\/p>\n<\/div>","protected":false},"author":1,"featured_media":0,"comment_status":"closed","ping_status":"closed","sticky":false,"template":"","format":"standard","meta":{"footnotes":""},"categories":[1,53],"tags":[],"class_list":["post-115729","post","type-post","status-publish","format-standard","hentry","category-startseite","category-bildung"],"_links":{"self":[{"href":"https:\/\/www.fuldaernachrichten.de\/index.php?rest_route=\/wp\/v2\/posts\/115729","targetHints":{"allow":["GET"]}}],"collection":[{"href":"https:\/\/www.fuldaernachrichten.de\/index.php?rest_route=\/wp\/v2\/posts"}],"about":[{"href":"https:\/\/www.fuldaernachrichten.de\/index.php?rest_route=\/wp\/v2\/types\/post"}],"author":[{"embeddable":true,"href":"https:\/\/www.fuldaernachrichten.de\/index.php?rest_route=\/wp\/v2\/users\/1"}],"replies":[{"embeddable":true,"href":"https:\/\/www.fuldaernachrichten.de\/index.php?rest_route=%2Fwp%2Fv2%2Fcomments&post=115729"}],"version-history":[{"count":1,"href":"https:\/\/www.fuldaernachrichten.de\/index.php?rest_route=\/wp\/v2\/posts\/115729\/revisions"}],"predecessor-version":[{"id":115730,"href":"https:\/\/www.fuldaernachrichten.de\/index.php?rest_route=\/wp\/v2\/posts\/115729\/revisions\/115730"}],"wp:attachment":[{"href":"https:\/\/www.fuldaernachrichten.de\/index.php?rest_route=%2Fwp%2Fv2%2Fmedia&parent=115729"}],"wp:term":[{"taxonomy":"category","embeddable":true,"href":"https:\/\/www.fuldaernachrichten.de\/index.php?rest_route=%2Fwp%2Fv2%2Fcategories&post=115729"},{"taxonomy":"post_tag","embeddable":true,"href":"https:\/\/www.fuldaernachrichten.de\/index.php?rest_route=%2Fwp%2Fv2%2Ftags&post=115729"}],"curies":[{"name":"wp","href":"https:\/\/api.w.org\/{rel}","templated":true}]}}