{"id":115722,"date":"2013-10-23T06:50:13","date_gmt":"2013-10-23T06:50:13","guid":{"rendered":"http:\/\/www.fuldaer-nachrichten.de\/?p=115722"},"modified":"2013-10-23T06:50:13","modified_gmt":"2013-10-23T06:50:13","slug":"auschwitz-ist-nie-weit-leseland-hessen-veranstaltung-in-heubach","status":"publish","type":"post","link":"https:\/\/www.fuldaernachrichten.de\/?p=115722","title":{"rendered":"Auschwitz ist nie weit &#8211; Leseland-Hessen-Veranstaltung in Heubach"},"content":{"rendered":"<p><a href=\"http:\/\/www.fuldaer-nachrichten.de\/wp-content\/uploads\/2013\/10\/COVER_HELD_mINUS.jpg\"><img fetchpriority=\"high\" decoding=\"async\" class=\"alignleft size-thumbnail wp-image-115723\" alt=\"COVER_HELD_mINUS\" src=\"http:\/\/www.fuldaer-nachrichten.de\/wp-content\/uploads\/2013\/10\/COVER_HELD_mINUS-265x421.jpg\" width=\"265\" height=\"421\" srcset=\"https:\/\/www.fuldaernachrichten.de\/wp-content\/uploads\/2013\/10\/COVER_HELD_mINUS-265x421.jpg 265w, https:\/\/www.fuldaernachrichten.de\/wp-content\/uploads\/2013\/10\/COVER_HELD_mINUS-166x265.jpg 166w, https:\/\/www.fuldaernachrichten.de\/wp-content\/uploads\/2013\/10\/COVER_HELD_mINUS.jpg 600w\" sizes=\"(max-width: 265px) 100vw, 265px\" \/><\/a>Kalbach-Heubach. \u201eLeseland\u201c in Heubach: Zu einer Veranstaltung mit der Romanautorin Monika Held l\u00e4dt der F\u00f6rderverein Landsynagoge Heubach f\u00fcr Sonntag, 27. Oktober ein. Ab 17.30 Uhr wird die Autorin ihren Roman &#8220;Der Schrecken verliert sich vor Ort&#8221; vorstellen. In ihrem Buch beschreibt sie auf besondere Weise eine Ann\u00e4herung an Auschwitz: Der Wiener Heiner Rosseck, der als politischer H\u00e4ftling in das Vernichtungslager verschleppt wurde und \u00fcberlebte, f\u00e4hrt Mitte der 1960er Jahre als Prozess-Zeuge nach Frankfurt. Er lernt dort die erheblich j\u00fcngere Polnisch-\u00dcbersetzerin Lena kennen. Die Beziehung des Paars ist ein Weg nach vorn &#8211; und immer wieder auch eine Ann\u00e4herung an grausamste Punkte deutscher Geschichte, die stets und oft sehr schmerzlich pr\u00e4sent ist. Die Veranstaltung ist Teil der Reihe &#8220;Leseland Hessen&#8221;, die von der Sparkassen-Kulturstiftung, dem Radiosender hr2 Kultur und dem Hessischen Ministerium f\u00fcr Wissenschaft und Kunst unterst\u00fctzt wird. Der Eintritt ist frei; es wird um eine Spende gebeten.<\/p>\n<p>www.synagoge-heubach.de<br \/>\nleseland-hessen.de\/kontakt<\/p>\n","protected":false},"excerpt":{"rendered":"<div class=\"tmnf_excerpt\"><p>Kalbach-Heubach. \u201eLeseland\u201c in Heubach: Zu einer Veranstaltung mit der Romanautorin Monika Held l\u00e4dt der F\u00f6rderverein Landsynagoge Heubach f\u00fcr Sonntag, 27. Oktober ein. Ab 17.30 Uhr wird die Autorin ihren Roman &#8220;Der Schrecken verliert sich vor Ort&#8221; vorstellen. In ihrem Buch beschreibt sie auf besondere Weise eine Ann\u00e4herung an Auschwitz: Der Wiener Heiner Rosseck, der als &hellip;<\/p>\n<\/div>","protected":false},"author":1,"featured_media":0,"comment_status":"closed","ping_status":"closed","sticky":false,"template":"","format":"standard","meta":{"footnotes":""},"categories":[1,44],"tags":[],"class_list":["post-115722","post","type-post","status-publish","format-standard","hentry","category-startseite","category-kultur"],"_links":{"self":[{"href":"https:\/\/www.fuldaernachrichten.de\/index.php?rest_route=\/wp\/v2\/posts\/115722","targetHints":{"allow":["GET"]}}],"collection":[{"href":"https:\/\/www.fuldaernachrichten.de\/index.php?rest_route=\/wp\/v2\/posts"}],"about":[{"href":"https:\/\/www.fuldaernachrichten.de\/index.php?rest_route=\/wp\/v2\/types\/post"}],"author":[{"embeddable":true,"href":"https:\/\/www.fuldaernachrichten.de\/index.php?rest_route=\/wp\/v2\/users\/1"}],"replies":[{"embeddable":true,"href":"https:\/\/www.fuldaernachrichten.de\/index.php?rest_route=%2Fwp%2Fv2%2Fcomments&post=115722"}],"version-history":[{"count":1,"href":"https:\/\/www.fuldaernachrichten.de\/index.php?rest_route=\/wp\/v2\/posts\/115722\/revisions"}],"predecessor-version":[{"id":115724,"href":"https:\/\/www.fuldaernachrichten.de\/index.php?rest_route=\/wp\/v2\/posts\/115722\/revisions\/115724"}],"wp:attachment":[{"href":"https:\/\/www.fuldaernachrichten.de\/index.php?rest_route=%2Fwp%2Fv2%2Fmedia&parent=115722"}],"wp:term":[{"taxonomy":"category","embeddable":true,"href":"https:\/\/www.fuldaernachrichten.de\/index.php?rest_route=%2Fwp%2Fv2%2Fcategories&post=115722"},{"taxonomy":"post_tag","embeddable":true,"href":"https:\/\/www.fuldaernachrichten.de\/index.php?rest_route=%2Fwp%2Fv2%2Ftags&post=115722"}],"curies":[{"name":"wp","href":"https:\/\/api.w.org\/{rel}","templated":true}]}}