{"id":115720,"date":"2013-10-23T06:48:06","date_gmt":"2013-10-23T06:48:06","guid":{"rendered":"http:\/\/www.fuldaer-nachrichten.de\/?p=115720"},"modified":"2013-10-23T06:48:45","modified_gmt":"2013-10-23T06:48:45","slug":"geaenderte-oeffnungszeiten-der-arbeitsagentur-huenfeld","status":"publish","type":"post","link":"https:\/\/www.fuldaernachrichten.de\/?p=115720","title":{"rendered":"Ge\u00e4nderte \u00d6ffnungszeiten der Arbeitsagentur H\u00fcnfeld"},"content":{"rendered":"<p><b>H\u00fcnfeld. <\/b>Aus betriebsorganisatorischen Gr\u00fcnden werden die\u00c2\u00a0 \u00d6ffnungszeiten in der Au\u00dfenstelle H\u00fcnfeld vorl\u00e4ufig wie folgt ge\u00e4ndert: montags 8 bis 13 Uhr sowie donnerstags 8 bis 12.30 Uhr und 13.30 bis 16 Uhr. Termine au\u00dferhalb dieser Zeiten sind nach Vereinbarung m\u00f6glich. Kunden k\u00f6nnen sich dar\u00fcber hinaus auch an die Hauptagentur in Fulda, Rangstr. 4,\u00c2\u00a0 wenden. Telefonisch ist die Arbeitsagentur von Montag bis Freitag t\u00e4glich von 8 bis 18 Uhr unter der kostenfreien Service-Rufnummer 0 800 4 5555 00 erreichbar.<\/p>\n","protected":false},"excerpt":{"rendered":"<div class=\"tmnf_excerpt\"><p>H\u00fcnfeld. Aus betriebsorganisatorischen Gr\u00fcnden werden die\u00c2\u00a0 \u00d6ffnungszeiten in der Au\u00dfenstelle H\u00fcnfeld vorl\u00e4ufig wie folgt ge\u00e4ndert: montags 8 bis 13 Uhr sowie donnerstags 8 bis 12.30 Uhr und 13.30 bis 16 Uhr. Termine au\u00dferhalb dieser Zeiten sind nach Vereinbarung m\u00f6glich. Kunden k\u00f6nnen sich dar\u00fcber hinaus auch an die Hauptagentur in Fulda, Rangstr. 4,\u00c2\u00a0 wenden. Telefonisch ist &hellip;<\/p>\n<\/div>","protected":false},"author":1,"featured_media":0,"comment_status":"closed","ping_status":"closed","sticky":false,"template":"","format":"standard","meta":{"footnotes":""},"categories":[1],"tags":[],"class_list":["post-115720","post","type-post","status-publish","format-standard","hentry","category-startseite"],"_links":{"self":[{"href":"https:\/\/www.fuldaernachrichten.de\/index.php?rest_route=\/wp\/v2\/posts\/115720","targetHints":{"allow":["GET"]}}],"collection":[{"href":"https:\/\/www.fuldaernachrichten.de\/index.php?rest_route=\/wp\/v2\/posts"}],"about":[{"href":"https:\/\/www.fuldaernachrichten.de\/index.php?rest_route=\/wp\/v2\/types\/post"}],"author":[{"embeddable":true,"href":"https:\/\/www.fuldaernachrichten.de\/index.php?rest_route=\/wp\/v2\/users\/1"}],"replies":[{"embeddable":true,"href":"https:\/\/www.fuldaernachrichten.de\/index.php?rest_route=%2Fwp%2Fv2%2Fcomments&post=115720"}],"version-history":[{"count":1,"href":"https:\/\/www.fuldaernachrichten.de\/index.php?rest_route=\/wp\/v2\/posts\/115720\/revisions"}],"predecessor-version":[{"id":115721,"href":"https:\/\/www.fuldaernachrichten.de\/index.php?rest_route=\/wp\/v2\/posts\/115720\/revisions\/115721"}],"wp:attachment":[{"href":"https:\/\/www.fuldaernachrichten.de\/index.php?rest_route=%2Fwp%2Fv2%2Fmedia&parent=115720"}],"wp:term":[{"taxonomy":"category","embeddable":true,"href":"https:\/\/www.fuldaernachrichten.de\/index.php?rest_route=%2Fwp%2Fv2%2Fcategories&post=115720"},{"taxonomy":"post_tag","embeddable":true,"href":"https:\/\/www.fuldaernachrichten.de\/index.php?rest_route=%2Fwp%2Fv2%2Ftags&post=115720"}],"curies":[{"name":"wp","href":"https:\/\/api.w.org\/{rel}","templated":true}]}}