{"id":115716,"date":"2013-10-23T06:46:08","date_gmt":"2013-10-23T06:46:08","guid":{"rendered":"http:\/\/www.fuldaer-nachrichten.de\/?p=115716"},"modified":"2013-10-23T06:46:08","modified_gmt":"2013-10-23T06:46:08","slug":"bdkj-jugendgottesdienst-am-27-oktober-2013","status":"publish","type":"post","link":"https:\/\/www.fuldaernachrichten.de\/?p=115716","title":{"rendered":"BDKJ-Jugendgottesdienst am 27. Oktober 2013"},"content":{"rendered":"<p>Fulda. Der Bund der Deutschen Katholischen Jugend (BDKJ) l\u00e4dt f\u00fcr Sonntag, 27.10.2013 um 18.30 Uhr zu einem Gottesdienst f\u00fcr Jugendliche in die Pfarrkirche St. Paulus in Fulda (Goerdelerstra\u00dfe) ein. Zelebrant ist Jugendpfarrer Thomas Renze. Inhaltlich und musikalisch wird der Gottesdienst durch die J-GCL (Jugendverb\u00e4nde der Gemeinschaft Christlichen Lebens) gestaltet. Thematisch geht es in dem Gottesdienst um die Bitte aus dem Vater Unser \u201e\u00e2\u20ac\u00a6 f\u00fchre uns nicht in Versuchung\u201c.<\/p>\n","protected":false},"excerpt":{"rendered":"<div class=\"tmnf_excerpt\"><p>Fulda. Der Bund der Deutschen Katholischen Jugend (BDKJ) l\u00e4dt f\u00fcr Sonntag, 27.10.2013 um 18.30 Uhr zu einem Gottesdienst f\u00fcr Jugendliche in die Pfarrkirche St. Paulus in Fulda (Goerdelerstra\u00dfe) ein. Zelebrant ist Jugendpfarrer Thomas Renze. Inhaltlich und musikalisch wird der Gottesdienst durch die J-GCL (Jugendverb\u00e4nde der Gemeinschaft Christlichen Lebens) gestaltet. Thematisch geht es in dem Gottesdienst &hellip;<\/p>\n<\/div>","protected":false},"author":1,"featured_media":0,"comment_status":"closed","ping_status":"closed","sticky":false,"template":"","format":"standard","meta":{"footnotes":""},"categories":[1,50],"tags":[],"class_list":["post-115716","post","type-post","status-publish","format-standard","hentry","category-startseite","category-kirche"],"_links":{"self":[{"href":"https:\/\/www.fuldaernachrichten.de\/index.php?rest_route=\/wp\/v2\/posts\/115716","targetHints":{"allow":["GET"]}}],"collection":[{"href":"https:\/\/www.fuldaernachrichten.de\/index.php?rest_route=\/wp\/v2\/posts"}],"about":[{"href":"https:\/\/www.fuldaernachrichten.de\/index.php?rest_route=\/wp\/v2\/types\/post"}],"author":[{"embeddable":true,"href":"https:\/\/www.fuldaernachrichten.de\/index.php?rest_route=\/wp\/v2\/users\/1"}],"replies":[{"embeddable":true,"href":"https:\/\/www.fuldaernachrichten.de\/index.php?rest_route=%2Fwp%2Fv2%2Fcomments&post=115716"}],"version-history":[{"count":1,"href":"https:\/\/www.fuldaernachrichten.de\/index.php?rest_route=\/wp\/v2\/posts\/115716\/revisions"}],"predecessor-version":[{"id":115717,"href":"https:\/\/www.fuldaernachrichten.de\/index.php?rest_route=\/wp\/v2\/posts\/115716\/revisions\/115717"}],"wp:attachment":[{"href":"https:\/\/www.fuldaernachrichten.de\/index.php?rest_route=%2Fwp%2Fv2%2Fmedia&parent=115716"}],"wp:term":[{"taxonomy":"category","embeddable":true,"href":"https:\/\/www.fuldaernachrichten.de\/index.php?rest_route=%2Fwp%2Fv2%2Fcategories&post=115716"},{"taxonomy":"post_tag","embeddable":true,"href":"https:\/\/www.fuldaernachrichten.de\/index.php?rest_route=%2Fwp%2Fv2%2Ftags&post=115716"}],"curies":[{"name":"wp","href":"https:\/\/api.w.org\/{rel}","templated":true}]}}