{"id":115711,"date":"2013-10-23T06:43:34","date_gmt":"2013-10-23T06:43:34","guid":{"rendered":"http:\/\/www.fuldaer-nachrichten.de\/?p=115711"},"modified":"2013-10-23T06:43:48","modified_gmt":"2013-10-23T06:43:48","slug":"24-huenfelder-patenkinder-reisten-nach-immenstadt-ins-allgaeu","status":"publish","type":"post","link":"https:\/\/www.fuldaernachrichten.de\/?p=115711","title":{"rendered":"24 \u201eH\u00fcnfelder Patenkinder\u201c reisten nach Immenstadt ins Allg\u00e4u"},"content":{"rendered":"<p><b><a href=\"http:\/\/www.fuldaer-nachrichten.de\/wp-content\/uploads\/2013\/10\/am43_Neust\u00e4dterKirmes.jpg\"><img fetchpriority=\"high\" decoding=\"async\" class=\"alignleft size-thumbnail wp-image-115712\" alt=\"am43_Neust\u00e4dterKirmes\" src=\"http:\/\/www.fuldaer-nachrichten.de\/wp-content\/uploads\/2013\/10\/am43_Neust\u00e4dterKirmes-265x191.jpg\" width=\"265\" height=\"191\" \/><\/a>H\u00fcnfeld\/Immenstadt.<\/b> Mit traditionellem \u201eKleckselkuchen\u201c, guten Gespr\u00e4chen und Begegnungen feierten die Neust\u00e4dter Patenkinder der Stadt H\u00fcnfeld auch in diesem Jahr wieder ihre Kirmes in Immenstadt im Allg\u00e4u. Zu diesem traditionellen Treffen waren nicht nur 24 Bewohner der fr\u00fcheren Stadt Neustadt an der Tafelfichte gekommen. Es nahmen auch B\u00fcrgermeister Dr. Eberhard Fennel, seine Ehefrau Rita und der fr\u00fchere Stadtverordnetenvorsteher Dietmar Weidenb\u00f6rner mit seiner Frau Elvira teil. H\u00fcnfeld hatte bereits 1955 die Patenschaft f\u00fcr die Heimatvertriebenen aus der Stadt Neustadt an der Tafelfichte \u00fcbernommen. Seit dieser Zeit finden im Wechsel die Bundestreffen der Neust\u00e4dter jeweils in H\u00fcnfeld und als die \u201eNeust\u00e4dter Kirmes\u201c in Immenstadt statt.<!--more--><\/p>\n<p>Neben einem kleinen touristischen Programm mit einer Gebirgsrundfahrt, der Besichtigung einer Juppenwerkstatt in Riefensberg und einem obligatorischen Picknick mit dem traditionellen \u201eKleckselkuchen\u201c der Neust\u00e4dter gab es zahlreiche Begegnungen, bei denen viele Erinnerungen ausgetauscht werden konnten. Vorbereitet wurde das Treffen durch die Gildenmutter der Neust\u00e4dter Heimatgilde in H\u00fcnfeld, Doris G\u00e4rtner. Mit dabei war auch Franz Neumann, der in jedem Jahr die Ausflugswoche zur \u201eHaindorfer Wallfahrt\u201c organisiert. Haindorf ist Nachbarstadt von Neustadt und liegt ebenfalls im ehemaligen Friedlandkreis, der Heimat des F\u00fcrsten Wallenstein, der eine entscheidende Rolle im 30j\u00e4hrigen Krieg gespielt hatte. Letzte Eigent\u00fcmerin seines Schlosses war die Landesmutter der Friedl\u00e4nder, die in \u00d6sterreich verstorbene Baronin Dobelhoff.<\/p>\n<p>B\u00fcrgermeister Dr. Eberhard Fennel informierte die Teilnehmer abends in geselliger Runde \u00fcber Neuerungen und Entwicklungen in H\u00fcnfeld mit einer Bildpr\u00e4sentation, Franz Neumann unterhielt die G\u00e4ste auf dem Akkordeon. Gildenmutter Doris G\u00e4rtner, Edith Legler und Elfriede Wiegand gaben Gedichte und kurze Geschichten aus der ehemaligen Heimat und Verse in Friedl\u00e4nder Mundart zum Besten. Besprochen wurde auch das Vorhaben, gemeinsam mit einer Initiative aus dem heutigen Neustadt eine Ortschronik herauszugeben. Die Stadt H\u00fcnfeld hatte sich bereiterkl\u00e4rt, auch eine deutschsprachige Fassung mit zu unterst\u00fctzen, bei der allerdings auch die Geschichte der Vertreibung und der deutschen Geschichte der Region gerade im 20.Jahrhundert nicht ausgespart werden sollte. Franz Neumann hatte sich zur Verf\u00fcgung gestellt, gemeinsam mit den Organisatoren in Tschechien an der redaktionellen Bearbeitung gerade dieses Teils der Geschichte der Stadt mitzuarbeiten. Diese Aufgabe, so Neumann, habe sich allerdings bisher als schwieriger und umfangreicher erwiesen, als zun\u00e4chst angenommen worden war.<\/p>\n<p>Zum Abschied versprachen sich die G\u00e4ste ein Wiedersehen beim n\u00e4chsten Bundestreffen im kommenden Jahr in H\u00fcnfeld.<\/p>\n","protected":false},"excerpt":{"rendered":"<div class=\"tmnf_excerpt\"><p>H\u00fcnfeld\/Immenstadt. Mit traditionellem \u201eKleckselkuchen\u201c, guten Gespr\u00e4chen und Begegnungen feierten die Neust\u00e4dter Patenkinder der Stadt H\u00fcnfeld auch in diesem Jahr wieder ihre Kirmes in Immenstadt im Allg\u00e4u. Zu diesem traditionellen Treffen waren nicht nur 24 Bewohner der fr\u00fcheren Stadt Neustadt an der Tafelfichte gekommen. Es nahmen auch B\u00fcrgermeister Dr. Eberhard Fennel, seine Ehefrau Rita und der &hellip;<\/p>\n<\/div>","protected":false},"author":1,"featured_media":0,"comment_status":"closed","ping_status":"closed","sticky":false,"template":"","format":"standard","meta":{"footnotes":""},"categories":[1],"tags":[],"class_list":["post-115711","post","type-post","status-publish","format-standard","hentry","category-startseite"],"_links":{"self":[{"href":"https:\/\/www.fuldaernachrichten.de\/index.php?rest_route=\/wp\/v2\/posts\/115711","targetHints":{"allow":["GET"]}}],"collection":[{"href":"https:\/\/www.fuldaernachrichten.de\/index.php?rest_route=\/wp\/v2\/posts"}],"about":[{"href":"https:\/\/www.fuldaernachrichten.de\/index.php?rest_route=\/wp\/v2\/types\/post"}],"author":[{"embeddable":true,"href":"https:\/\/www.fuldaernachrichten.de\/index.php?rest_route=\/wp\/v2\/users\/1"}],"replies":[{"embeddable":true,"href":"https:\/\/www.fuldaernachrichten.de\/index.php?rest_route=%2Fwp%2Fv2%2Fcomments&post=115711"}],"version-history":[{"count":1,"href":"https:\/\/www.fuldaernachrichten.de\/index.php?rest_route=\/wp\/v2\/posts\/115711\/revisions"}],"predecessor-version":[{"id":115713,"href":"https:\/\/www.fuldaernachrichten.de\/index.php?rest_route=\/wp\/v2\/posts\/115711\/revisions\/115713"}],"wp:attachment":[{"href":"https:\/\/www.fuldaernachrichten.de\/index.php?rest_route=%2Fwp%2Fv2%2Fmedia&parent=115711"}],"wp:term":[{"taxonomy":"category","embeddable":true,"href":"https:\/\/www.fuldaernachrichten.de\/index.php?rest_route=%2Fwp%2Fv2%2Fcategories&post=115711"},{"taxonomy":"post_tag","embeddable":true,"href":"https:\/\/www.fuldaernachrichten.de\/index.php?rest_route=%2Fwp%2Fv2%2Ftags&post=115711"}],"curies":[{"name":"wp","href":"https:\/\/api.w.org\/{rel}","templated":true}]}}