{"id":115704,"date":"2013-10-23T00:33:46","date_gmt":"2013-10-23T00:33:46","guid":{"rendered":"http:\/\/www.fuldaer-nachrichten.de\/?p=115704"},"modified":"2013-10-23T06:37:06","modified_gmt":"2013-10-23T06:37:06","slug":"fuer-jeden-anlass-das-passende-lied-schulchor-der-wendelinusschule-singt-eigens-komponierte-lieder","status":"publish","type":"post","link":"https:\/\/www.fuldaernachrichten.de\/?p=115704","title":{"rendered":"F\u00fcr jeden Anlass das passende Lied &#8211; Schulchor der Wendelinusschule singt eigens komponierte Lieder"},"content":{"rendered":"<div id=\"attachment_115705\" style=\"width: 570px\" class=\"wp-caption alignnone\"><a href=\"http:\/\/www.fuldaer-nachrichten.de\/wp-content\/uploads\/2013\/10\/467-Wendelinusschule-in-Steinau.jpg\"><img fetchpriority=\"high\" decoding=\"async\" aria-describedby=\"caption-attachment-115705\" class=\"size-full wp-image-115705\" alt=\"Fr\u00f6hliche Gesichter bei Sch\u00fclern und Lehrern gleicherma\u00dfen: Schulleiterin Christel M\u00fcller (hinten 3.v.l.) ist begeistert von der Gemeinschaft an der Wendelinusschule. Es fehlen die Kinder der dritten Klassen wegen eines Schulausflugs. Foto: Bickert \" src=\"http:\/\/www.fuldaer-nachrichten.de\/wp-content\/uploads\/2013\/10\/467-Wendelinusschule-in-Steinau.jpg\" width=\"560\" height=\"410\" \/><\/a><p id=\"caption-attachment-115705\" class=\"wp-caption-text\">Fr\u00f6hliche Gesichter bei Sch\u00fclern und Lehrern gleicherma\u00dfen: Schulleiterin Christel M\u00fcller (hinten 3.v.l.) ist begeistert von der Gemeinschaft an der Wendelinusschule. Es fehlen die Kinder der dritten Klassen wegen eines Schulausflugs. Foto: Bickert<\/p><\/div>\n<p>Petersberg. Die musikalische Ausbildung von Sch\u00fclern hat einen gro\u00dfen Stellenwert im Lehrplan. Noten lernen, ein Instrument spielen, im Chor singen \u2013 all diese Bestandteile musikalischer Erziehung finden sich in den Schulen im Landkreis Fulda. Eigene Lieder, selbst komponiert und getextet, haben jedoch nur die wenigsten. In der Grundschule im Petersberger Ortsteil-Steinau ist dies anders, hier gibt es ein ganzes Repertoire an individuellen Gesangst\u00fccken.<!--more--><\/p>\n<p>Dass dies so ist, verdankt die Schule Walter Hampel, Lehrer f\u00fcr Musik, Sport und Mathematik an der Wendelinusschule. Seit Jahren schon bilden die Kinder der dritten und vierten Klasse den Schulchor, der als fester Bestandteil im Musikunterricht seinen Platz hat. Hier wird geprobt, einstudiert und vor allen Dingen gesungen \u2013 bei Abschieden, f\u00fcr Geburtstage, an Schulfesten \u2013 kurz, f\u00fcr jeden Anlass und individuell f\u00fcr jeden Menschen, wenn es erforderlich ist. Das musikalische Multitalent Hampel textet und komponiert eigene Schullieder, f\u00fcr die Viertkl\u00e4ssler zum Schulabgang, f\u00fcr den Busfahrer zum Abschied, f\u00fcr Weihnachten und Ostern oder zum Ferienbeginn.<\/p>\n<p>\u201eWir haben schon so viel Lob erfahren und nicht nur Eltern und Gro\u00dfeltern der Sch\u00fcler kommen gerne zu unseren Gesangsvortr\u00e4gen\u201c, sagt Schulleiterin Christel M\u00fcller. Sie wei\u00df, dass das Repertoire des Schulchores ein Alleinstellungsmerkmal ist. \u201eAlle Dritt- und Viertkl\u00e4ssler singen im Chor. Dabei ist es \u00fcberhaupt nicht von Bedeutung, ob ein Kind singen kann oder nicht. Das Gemeinschaftsgef\u00fchl ist ausschlaggebend, nicht die individuelle Begabung\u201c, so die Rektorin.<\/p>\n<p>\u00dcberhaupt ist die Schulgemeinschaft mit 158 Sch\u00fclerinnen und Sch\u00fclern und zw\u00f6lf Lehrkr\u00e4ften einschlie\u00dflich des \u00f6rtlichen Pfarrers sehr aktiv. Bundesjugendspiele finden hier dreimal im Jahr statt: im Sommer mit Leichtathletik und Schwimmen, im Winter mit Ger\u00e4teturnen. Alle zwei Jahre veranstalte die Schule einen Sponsorenlauf um den Haunesee. Das erlaufene Geld wird geteilt, zum einen f\u00fcr einen guten Zweck &#8211; wie im letzten Schuljahr f\u00fcr das Kinderhospiz in H\u00fcnfeld &#8211; , zum anderen aktuell f\u00fcr ein neues Kletterger\u00fcst, das auch mit Unterst\u00fctzung des Landkreises als Schultr\u00e4ger realisiert wird. Der F\u00f6rderverein und die Elternschaft bringen sich ebenfalls ein. So finanziert der F\u00f6rderverein jedes Jahr eine besondere Veranstaltung f\u00fcr die Grundsch\u00fcler: in einem Jahr findet eine Autorenlesung zum Beispiel mit Gudrun Pausewang statt, im n\u00e4chsten Jahr eine Theatervorstellung mit dem \u201eTheater en miniature\u201c aus Kassel. Die Schulbibliothek wird von zwei M\u00fcttern betreut, die gar keine Kinder mehr auf der Schule haben. Und der Eltern-Lotsendienst \u00fcber die Landesstra\u00dfe vor der Schule bedeutet besonders f\u00fcr die Erstkl\u00e4ssler gro\u00dfe Sicherheit, wei\u00df Christel M\u00fcller das Engagement der Eltern zu sch\u00e4tzen.<\/p>\n<p>Die Schule geh\u00f6rt zu den wenigen im Landkreis, die inklusive Beschulung anbieten. Zus\u00e4tzliche Unterst\u00fctzung erh\u00e4lt die Steinauer Grundschule durch eine Lehrkraft der Vinzenz-von-Paul-Schule in H\u00fcnfeld sowie durch das Petersberger Kompetenzzentrum f\u00fcr Sprache und Erziehung. \u201eDie personelle Ausstattung mit nur neun Wochenstunden f\u00fcr die Inklusion k\u00f6nnte zwar etwas besser sein, aber das Kollegium hier ist wirklich gro\u00dfartig und bew\u00e4ltigt auch zus\u00e4tzliche Belastungen\u201c, erkl\u00e4rt die Schulleiterin. Tatkr\u00e4ftige Hilfe erfahren die Lehrer dabei von Claudia B\u00f6hm, die Sekret\u00e4rin und Hausmeisterin in Personalunion ist. Sie ist in die Schulabl\u00e4ufe voll integriert und kennt sich \u00fcberall aus. Sie ist in vielen Belangen meist auch die erste Anlaufstation f\u00fcr Lehrkr\u00e4fte und Sch\u00fcler.<\/p>\n<p>\u00dcberhaupt sei der Zusammenhalt unter den Lehrern etwas Besonderes, wei\u00df M\u00fcller zu berichten. Gemeinsame Ausfl\u00fcge, ab und an ein Abendessen oder ein Besuch im Theater, an dem alle Kollegen teilnehmen, beweisen die tolle Atmosph\u00e4re an der Wendelinusschule. \u201eUns macht das Unterrichten und die Arbeit mit den Kindern Freude, und das kommt nat\u00fcrlich auch den Sch\u00fclern zugute.\u201c<\/p>\n<p>Existenzsorgen hat die Grundschule im Petersberger Ortsteil nicht. \u201eWir haben aktuell eine leichte Talsohle, aber schon im n\u00e4chsten Jahr geht es mit den Sch\u00fclerzahlen wieder bergauf. Au\u00dferdem gibt es regelm\u00e4\u00dfig Zuz\u00fcge w\u00e4hrend des Schuljahres. So k\u00f6nnen wir auch die n\u00e4chsten Jahre in jedem Jahrgang zweiz\u00fcgig fahren. Das erleichtert die Arbeit f\u00fcr uns P\u00e4dagogen, denn wir k\u00f6nnen uns untereinander austauschen\u201c, lautet das Fazit der Rektorin.<\/p>\n<p>&nbsp;<\/p>\n","protected":false},"excerpt":{"rendered":"<div class=\"tmnf_excerpt\"><p>Petersberg. Die musikalische Ausbildung von Sch\u00fclern hat einen gro\u00dfen Stellenwert im Lehrplan. Noten lernen, ein Instrument spielen, im Chor singen \u2013 all diese Bestandteile musikalischer Erziehung finden sich in den Schulen im Landkreis Fulda. Eigene Lieder, selbst komponiert und getextet, haben jedoch nur die wenigsten. In der Grundschule im Petersberger Ortsteil-Steinau ist dies anders, hier &hellip;<\/p>\n<\/div>","protected":false},"author":1,"featured_media":0,"comment_status":"closed","ping_status":"closed","sticky":false,"template":"","format":"standard","meta":{"footnotes":""},"categories":[1,53,78],"tags":[],"class_list":["post-115704","post","type-post","status-publish","format-standard","hentry","category-startseite","category-bildung","category-topthema"],"_links":{"self":[{"href":"https:\/\/www.fuldaernachrichten.de\/index.php?rest_route=\/wp\/v2\/posts\/115704","targetHints":{"allow":["GET"]}}],"collection":[{"href":"https:\/\/www.fuldaernachrichten.de\/index.php?rest_route=\/wp\/v2\/posts"}],"about":[{"href":"https:\/\/www.fuldaernachrichten.de\/index.php?rest_route=\/wp\/v2\/types\/post"}],"author":[{"embeddable":true,"href":"https:\/\/www.fuldaernachrichten.de\/index.php?rest_route=\/wp\/v2\/users\/1"}],"replies":[{"embeddable":true,"href":"https:\/\/www.fuldaernachrichten.de\/index.php?rest_route=%2Fwp%2Fv2%2Fcomments&post=115704"}],"version-history":[{"count":1,"href":"https:\/\/www.fuldaernachrichten.de\/index.php?rest_route=\/wp\/v2\/posts\/115704\/revisions"}],"predecessor-version":[{"id":115706,"href":"https:\/\/www.fuldaernachrichten.de\/index.php?rest_route=\/wp\/v2\/posts\/115704\/revisions\/115706"}],"wp:attachment":[{"href":"https:\/\/www.fuldaernachrichten.de\/index.php?rest_route=%2Fwp%2Fv2%2Fmedia&parent=115704"}],"wp:term":[{"taxonomy":"category","embeddable":true,"href":"https:\/\/www.fuldaernachrichten.de\/index.php?rest_route=%2Fwp%2Fv2%2Fcategories&post=115704"},{"taxonomy":"post_tag","embeddable":true,"href":"https:\/\/www.fuldaernachrichten.de\/index.php?rest_route=%2Fwp%2Fv2%2Ftags&post=115704"}],"curies":[{"name":"wp","href":"https:\/\/api.w.org\/{rel}","templated":true}]}}