{"id":115702,"date":"2013-10-23T06:33:32","date_gmt":"2013-10-23T06:33:32","guid":{"rendered":"http:\/\/www.fuldaer-nachrichten.de\/?p=115702"},"modified":"2013-10-23T06:33:32","modified_gmt":"2013-10-23T06:33:32","slug":"chevrolet-ist-ab-sofort-offizieller-autopartner-des-hbrs","status":"publish","type":"post","link":"https:\/\/www.fuldaernachrichten.de\/?p=115702","title":{"rendered":"Chevrolet ist ab sofort offizieller Autopartner des HBRS"},"content":{"rendered":"<p>Fl\u00f6rsheim. Chevrolet ist einer der renommiertesten Automobilhersteller der Welt und ab sofort offizieller Autopartner des HBRS. Verbandspr\u00e4sident Gerhard Knapp besiegelte die Kooperation am Dienstagvormittag im Autohaus G\u00fcnther &amp; Schmitt in Fl\u00f6rsheim am Main. Er nahm zwei leistungsstarke 7-Sitzer vom Modell Orlando und eine Gro\u00dfraumlimousine vom Modell Captiva entgegen. \u201eIch freue mich, dass wir mit Chevrolet einen weltbekannten Partner an unserer Seite haben\u201c, sagte Knapp. \u201eDass Chevrolet sich im Behindertensport engagiert zeugt von einem herausragenden sozialen Verantwortungsbewusstsein. Gemeinsam k\u00f6nnen wir die Inklusion von Menschen mit einer Behinderung in unserer Gesellschaft noch besser f\u00f6rdern.\u201c<!--more--><\/p>\n<p>Chevrolet wurde im Jahr 1911 in der amerikanischen Stadt Detroit gegr\u00fcndet und ist mit einem Jahresabsatz von mehr als 5 Millionen Fahrzeugen in \u00fcber 140 L\u00e4ndern die viertgr\u00f6\u00dfte Automobilmarke weltweit. Der Autohersteller bietet seinen Kunden kraftstoffeffiziente, leistungsstarke Fahrzeuge mit ausdrucksstarkem Design, h\u00f6chster Qualit\u00e4t und der Chevrolet MyLink-Technologie. Die Marke verf\u00fcgt \u00fcber mehr als 2.700 H\u00e4ndler und Service-Stationen in Europa.<\/p>\n<p>Uwe Rowold, Chevrolet-Verantwortlicher f\u00fcr Fuhrparkmanagement, \u00fcbergab der HBRS-Delegation \u2013 bestehend aus Pr\u00e4sident Knapp, Fu\u00dfball-ID-Trainer Dragoslav Stepanovic, dem Sportlichen Leiter Fu\u00dfball Michael Trippel und Referent f\u00fcr Sport und Lehre Thomas Prokein \u2013 die Schl\u00fcssel. Rowold vertrat den Gesch\u00e4ftsf\u00fchrer der Chevrolet Deutschland GmbH Steffen Raschig.<\/p>\n<p>Der HBRS wird die Automobile auf der Gesch\u00e4ftsstelle und zur Repr\u00e4sentation bei \u00f6ffentlichen Terminen einsetzen. Die gro\u00dfe Flexibilit\u00e4t der hochklassigen Fahrzeuge erlaubt ihren Einsatz au\u00dferdem bei der logistischen Unterst\u00fctzung von Sportveranstaltungen in ganz Hessen. Chevrolet und der HBRS wollen die Kooperation in den kommenden Monaten intensivieren.<\/p>\n","protected":false},"excerpt":{"rendered":"<div class=\"tmnf_excerpt\"><p>Fl\u00f6rsheim. Chevrolet ist einer der renommiertesten Automobilhersteller der Welt und ab sofort offizieller Autopartner des HBRS. Verbandspr\u00e4sident Gerhard Knapp besiegelte die Kooperation am Dienstagvormittag im Autohaus G\u00fcnther &amp; Schmitt in Fl\u00f6rsheim am Main. Er nahm zwei leistungsstarke 7-Sitzer vom Modell Orlando und eine Gro\u00dfraumlimousine vom Modell Captiva entgegen. \u201eIch freue mich, dass wir mit Chevrolet &hellip;<\/p>\n<\/div>","protected":false},"author":1,"featured_media":0,"comment_status":"closed","ping_status":"closed","sticky":false,"template":"","format":"standard","meta":{"footnotes":""},"categories":[1,46],"tags":[],"class_list":["post-115702","post","type-post","status-publish","format-standard","hentry","category-startseite","category-sport"],"_links":{"self":[{"href":"https:\/\/www.fuldaernachrichten.de\/index.php?rest_route=\/wp\/v2\/posts\/115702","targetHints":{"allow":["GET"]}}],"collection":[{"href":"https:\/\/www.fuldaernachrichten.de\/index.php?rest_route=\/wp\/v2\/posts"}],"about":[{"href":"https:\/\/www.fuldaernachrichten.de\/index.php?rest_route=\/wp\/v2\/types\/post"}],"author":[{"embeddable":true,"href":"https:\/\/www.fuldaernachrichten.de\/index.php?rest_route=\/wp\/v2\/users\/1"}],"replies":[{"embeddable":true,"href":"https:\/\/www.fuldaernachrichten.de\/index.php?rest_route=%2Fwp%2Fv2%2Fcomments&post=115702"}],"version-history":[{"count":1,"href":"https:\/\/www.fuldaernachrichten.de\/index.php?rest_route=\/wp\/v2\/posts\/115702\/revisions"}],"predecessor-version":[{"id":115703,"href":"https:\/\/www.fuldaernachrichten.de\/index.php?rest_route=\/wp\/v2\/posts\/115702\/revisions\/115703"}],"wp:attachment":[{"href":"https:\/\/www.fuldaernachrichten.de\/index.php?rest_route=%2Fwp%2Fv2%2Fmedia&parent=115702"}],"wp:term":[{"taxonomy":"category","embeddable":true,"href":"https:\/\/www.fuldaernachrichten.de\/index.php?rest_route=%2Fwp%2Fv2%2Fcategories&post=115702"},{"taxonomy":"post_tag","embeddable":true,"href":"https:\/\/www.fuldaernachrichten.de\/index.php?rest_route=%2Fwp%2Fv2%2Ftags&post=115702"}],"curies":[{"name":"wp","href":"https:\/\/api.w.org\/{rel}","templated":true}]}}