{"id":115696,"date":"2013-10-23T06:31:24","date_gmt":"2013-10-23T06:31:24","guid":{"rendered":"http:\/\/www.fuldaer-nachrichten.de\/?p=115696"},"modified":"2013-10-23T06:31:24","modified_gmt":"2013-10-23T06:31:24","slug":"und-wenn-die-welt-voll-teufel-waer-theaterstueck-im-haus-oranien","status":"publish","type":"post","link":"https:\/\/www.fuldaernachrichten.de\/?p=115696","title":{"rendered":"\u201eUnd wenn die Welt voll Teufel w\u00e4r\u00e2\u20ac\u02dc \u201c \u2013 Theaterst\u00fcck im Haus Oranien"},"content":{"rendered":"<div id=\"attachment_115697\" style=\"width: 275px\" class=\"wp-caption alignleft\"><a href=\"http:\/\/www.fuldaer-nachrichten.de\/wp-content\/uploads\/2013\/10\/201310_Theater_Luther.jpg\"><img fetchpriority=\"high\" decoding=\"async\" aria-describedby=\"caption-attachment-115697\" class=\"size-thumbnail wp-image-115697\" alt=\"Foto: (\u00d6kum. Spielgemeinschaft Rotenburg): Szene aus dem St\u00fcck \u201eUnd wenn die Welt voll Teufel w\u00e4r\u00e2\u20ac\u02dc &quot;\" src=\"http:\/\/www.fuldaer-nachrichten.de\/wp-content\/uploads\/2013\/10\/201310_Theater_Luther-265x197.jpg\" width=\"265\" height=\"197\" srcset=\"https:\/\/www.fuldaernachrichten.de\/wp-content\/uploads\/2013\/10\/201310_Theater_Luther-265x197.jpg 265w, https:\/\/www.fuldaernachrichten.de\/wp-content\/uploads\/2013\/10\/201310_Theater_Luther.jpg 600w\" sizes=\"(max-width: 265px) 100vw, 265px\" \/><\/a><p id=\"caption-attachment-115697\" class=\"wp-caption-text\">Foto: (\u00d6kum. Spielgemeinschaft Rotenburg): Szene aus dem St\u00fcck \u201eUnd wenn die Welt voll Teufel w\u00e4r\u00e2\u20ac\u02dc &#8220;<\/p><\/div>\n<p>Fulda. Die \u00d6kumenische Spielgemeinschaft Rotenburg\/Braach gastiert am Sonntag, 27.10.2013, um 19.00 Uhr,\u00c2\u00a0 im Haus Oranien (Heinrich-von-Bibra-Platz 14a) mit dem Theaterst\u00fcck \u201eUnd wenn die Welt voll Teufel w\u00e4r\u201c. Kurz vor dem Reformationstag (31. Oktober) l\u00e4dt die Evangelische Kirche in Fulda zu diesem Theaterabend ein. Das St\u00fcck handelt von der Zeit, in der sich Luther auf der Wartburg aufh\u00e4lt. Es spielt, so die Veranstalter, auf zwei Ebenen, einer \u00e4u\u00dferen und einer inneren in Form eines inneren Monologs. Dabei begegnet Luther u.a. \u201eFrau Freiheit\u201c, \u201eFrau Kirche\u201c und dem Teufel. Der Eintritt ist frei, eine Spende f\u00fcr soziale Aufgaben erw\u00fcnscht.<\/p>\n","protected":false},"excerpt":{"rendered":"<div class=\"tmnf_excerpt\"><p>Fulda. Die \u00d6kumenische Spielgemeinschaft Rotenburg\/Braach gastiert am Sonntag, 27.10.2013, um 19.00 Uhr,\u00c2\u00a0 im Haus Oranien (Heinrich-von-Bibra-Platz 14a) mit dem Theaterst\u00fcck \u201eUnd wenn die Welt voll Teufel w\u00e4r\u201c. Kurz vor dem Reformationstag (31. Oktober) l\u00e4dt die Evangelische Kirche in Fulda zu diesem Theaterabend ein. Das St\u00fcck handelt von der Zeit, in der sich Luther auf der &hellip;<\/p>\n<\/div>","protected":false},"author":1,"featured_media":0,"comment_status":"closed","ping_status":"closed","sticky":false,"template":"","format":"standard","meta":{"footnotes":""},"categories":[1,50,44],"tags":[],"class_list":["post-115696","post","type-post","status-publish","format-standard","hentry","category-startseite","category-kirche","category-kultur"],"_links":{"self":[{"href":"https:\/\/www.fuldaernachrichten.de\/index.php?rest_route=\/wp\/v2\/posts\/115696","targetHints":{"allow":["GET"]}}],"collection":[{"href":"https:\/\/www.fuldaernachrichten.de\/index.php?rest_route=\/wp\/v2\/posts"}],"about":[{"href":"https:\/\/www.fuldaernachrichten.de\/index.php?rest_route=\/wp\/v2\/types\/post"}],"author":[{"embeddable":true,"href":"https:\/\/www.fuldaernachrichten.de\/index.php?rest_route=\/wp\/v2\/users\/1"}],"replies":[{"embeddable":true,"href":"https:\/\/www.fuldaernachrichten.de\/index.php?rest_route=%2Fwp%2Fv2%2Fcomments&post=115696"}],"version-history":[{"count":1,"href":"https:\/\/www.fuldaernachrichten.de\/index.php?rest_route=\/wp\/v2\/posts\/115696\/revisions"}],"predecessor-version":[{"id":115699,"href":"https:\/\/www.fuldaernachrichten.de\/index.php?rest_route=\/wp\/v2\/posts\/115696\/revisions\/115699"}],"wp:attachment":[{"href":"https:\/\/www.fuldaernachrichten.de\/index.php?rest_route=%2Fwp%2Fv2%2Fmedia&parent=115696"}],"wp:term":[{"taxonomy":"category","embeddable":true,"href":"https:\/\/www.fuldaernachrichten.de\/index.php?rest_route=%2Fwp%2Fv2%2Fcategories&post=115696"},{"taxonomy":"post_tag","embeddable":true,"href":"https:\/\/www.fuldaernachrichten.de\/index.php?rest_route=%2Fwp%2Fv2%2Ftags&post=115696"}],"curies":[{"name":"wp","href":"https:\/\/api.w.org\/{rel}","templated":true}]}}