{"id":115686,"date":"2013-10-22T00:14:33","date_gmt":"2013-10-22T00:14:33","guid":{"rendered":"http:\/\/www.fuldaer-nachrichten.de\/?p=115686"},"modified":"2013-10-21T16:59:55","modified_gmt":"2013-10-21T16:59:55","slug":"tag-des-schornsteinfegers-in-der-kindertagesstaette-regenbogenland-burghaun","status":"publish","type":"post","link":"https:\/\/www.fuldaernachrichten.de\/?p=115686","title":{"rendered":"Tag des Schornsteinfegers in der Kindertagesst\u00e4tte Regenbogenland Burghaun"},"content":{"rendered":"<p><a href=\"http:\/\/www.fuldaer-nachrichten.de\/wp-content\/uploads\/2013\/10\/IMG_9947.jpg\"><img decoding=\"async\" class=\"alignleft size-thumbnail wp-image-115687\" alt=\"IMG_9947\" src=\"http:\/\/www.fuldaer-nachrichten.de\/wp-content\/uploads\/2013\/10\/IMG_9947-265x176.jpg\" width=\"265\" height=\"176\" srcset=\"https:\/\/www.fuldaernachrichten.de\/wp-content\/uploads\/2013\/10\/IMG_9947-265x176.jpg 265w, https:\/\/www.fuldaernachrichten.de\/wp-content\/uploads\/2013\/10\/IMG_9947.jpg 600w\" sizes=\"(max-width: 265px) 100vw, 265px\" \/><\/a>Burghaun. Am Freitag, den 18.10.2013 freute sich die Kindertagesst\u00e4tte Regenbogenland zum \u201eTag des Schornsteinfegers\u201c Bezirksschornsteinfegermeister, Energieberater und Regionalbeauftragter der Hessischen Energiespar-Aktion Uwe Nenzel und seinen Auszubildenden Felix Heil empfangen zu k\u00f6nnen. Uwe Nenzel begr\u00fc\u00dfte alle Kindergartenkinder und Ihre Erzieherinnen mit dem St\u00fcck \u201ePipi Langstrumpf\u201c, welches er auf seiner Trompete zum Besten gab. Auch B\u00fcrgermeister Alexander Hohmann und Klaus Fey, Pressesprecher der \u201eHessischen Energiespar-Aktion\u201c, ein Projekt des Hessischen Ministeriums f\u00fcr Umwelt, Energie, Landwirtschaft und Verbraucherschutz, waren zu diesem Anlass in die Einrichtung gekommen.<!--more--><\/p>\n<p>Im Anschluss versammelten sich alle Kinder in der Turnhalle der Burghauer Einrichtung und lauschten gespannt den Worten des Bezirksschornsteinfegermeister Uwe Nenzel. <i>\u201e<\/i>Das ist der Felix, der kommt zum Fegen. Und ich bin der Uwe: Wenn Ihr eine neue Heizung bekommt, bin ich daf\u00fcr da&#8221;, stellt er sich und seinen Auszubildenden Felix Heil den M\u00e4dchen und Jungen aus der Kindertagesst\u00e4tte vor.<\/p>\n<p>Auf unterhaltsam-lustige &#8220;Sendung-mit-der-Maus&#8221;-Art erkl\u00e4rten die beiden den Kindern, wozu ein Schornsteinfeger da ist und was sie selbst tun k\u00f6nnen, um Br\u00e4nde zu vermeiden &#8211; auch im Hinblick auf den bald anstehenden Lampionumzug am St.-Martins-Tag. W\u00e4hrend Uwe Nenzel erkl\u00e4rte, wof\u00fcr der Schornsteinfeger Leiter, Besen und Seil braucht, f\u00fchrte Felix Heil die mitgebrachten Utensilien vor.<\/p>\n<p>Wie der Schornsteinfeger aufs Dach klettert und was er dort tut, zeigte die Zeichenfigur &#8220;Schorni&#8221; auf der Videowand. &#8220;Und wenn der Schorni mit der Arbeit fertig ist, ist er ganz schmutzig. Was muss er dann machen?&#8221;, fragt Uwe Nenzel. &#8220;Waschen&#8221;, rufen die Kinder im Chor.<\/p>\n<p><a href=\"http:\/\/www.fuldaer-nachrichten.de\/wp-content\/uploads\/2013\/10\/IMG_9964.jpg\"><img decoding=\"async\" class=\"alignleft size-thumbnail wp-image-115688\" alt=\"IMG_9964\" src=\"http:\/\/www.fuldaer-nachrichten.de\/wp-content\/uploads\/2013\/10\/IMG_9964-265x152.jpg\" width=\"265\" height=\"152\" srcset=\"https:\/\/www.fuldaernachrichten.de\/wp-content\/uploads\/2013\/10\/IMG_9964-265x152.jpg 265w, https:\/\/www.fuldaernachrichten.de\/wp-content\/uploads\/2013\/10\/IMG_9964.jpg 600w\" sizes=\"(max-width: 265px) 100vw, 265px\" \/><\/a>Er erkl\u00e4rte den kleinen Zuh\u00f6rern warum der Schornsteinfeger so sch\u00f6ne goldene Kn\u00f6pfe an der Jacke hat und einen Zylinder tr\u00e4gt. Denn \u201cGanz fr\u00fcher&#8221;, erz\u00e4hlt Uwe Nenzel, &#8220;hat der Schornsteinfeger auch schon daf\u00fcr gesorgt, dass es nicht brennt. Und da hat der K\u00f6nig gesagt: Der Schornsteinfeger ist ein ganz wichtiger Mann. Deshalb durfte er einen Zylinder, wie ihn sonst nur ganz wichtige Leute aufhatten, und goldene Kn\u00f6pfe tragen.&#8221; Die Kinder waren beeindruckt und bedachten die netten Herren in Schwarz mit ehrf\u00fcrchtigen Blicken. Anschaulich erkl\u00e4rte Uwe Nenzel in seiner Funktion als Energieberater f\u00fcr die HESA den anwesenden Kindern einfache wie n\u00fctzliche Energiespartipps, die sich auch in dem dann verteilten Malbuch \u201eMein kleines Energiesparbuch\u201c, das von der HESA zur Verf\u00fcgung gestellt wurde, wiederfinden. \u201eSch\u00f6n zu sehen, dass sich die versammelten Kinder nicht nur f\u00fcr das Thema interessierten, sondern mitunter schon \u201eFachwissen zum Besten\u201c gaben, so Pressekoordinator Klaus Fey.<\/p>\n<p>Der Schornsteinfegermeister Nenzel ist ein wahrer Unterhaltungsk\u00fcnstler, der das Publikum in seinen Bann zieht &#8211; vielleicht weil er im Training steht. Er ist Dirigent des Musikzuges TV 09 Burghaun und hat jede Woche 40 Musiker vor sich sitzen. Des Weiteren unterrichtet er an der Landesfachschule. Diese p\u00e4dagogischen Erfahrungen machten es ihm leicht, vor den Kindern \u00fcber seine Arbeit und die Gefahren des Feuers zu referieren.<\/p>\n<p>&#8220;Ich bin \u00fcberzeugt, dass es etwas bringt, wenn man die Kinder fr\u00fch f\u00fcr so etwas sensibilisiert&#8221;, sagt Uwe Nenzel. Deshalb habe er B\u00fcrgermeister Alexander Hohmann gefragt, ob es m\u00f6glich w\u00e4re, dass er gemeinsam mit Felix Heil mal in die gemeindliche Kindertagesst\u00e4tte kommen kann. B\u00fcrgermeister Hohmann fand die Idee sofort gut und lud ihn direkt ein.<\/p>\n","protected":false},"excerpt":{"rendered":"<div class=\"tmnf_excerpt\"><p>Burghaun. Am Freitag, den 18.10.2013 freute sich die Kindertagesst\u00e4tte Regenbogenland zum \u201eTag des Schornsteinfegers\u201c Bezirksschornsteinfegermeister, Energieberater und Regionalbeauftragter der Hessischen Energiespar-Aktion Uwe Nenzel und seinen Auszubildenden Felix Heil empfangen zu k\u00f6nnen. Uwe Nenzel begr\u00fc\u00dfte alle Kindergartenkinder und Ihre Erzieherinnen mit dem St\u00fcck \u201ePipi Langstrumpf\u201c, welches er auf seiner Trompete zum Besten gab. Auch B\u00fcrgermeister Alexander &hellip;<\/p>\n<\/div>","protected":false},"author":1,"featured_media":0,"comment_status":"closed","ping_status":"closed","sticky":false,"template":"","format":"standard","meta":{"footnotes":""},"categories":[1,53],"tags":[],"class_list":["post-115686","post","type-post","status-publish","format-standard","hentry","category-startseite","category-bildung"],"_links":{"self":[{"href":"https:\/\/www.fuldaernachrichten.de\/index.php?rest_route=\/wp\/v2\/posts\/115686","targetHints":{"allow":["GET"]}}],"collection":[{"href":"https:\/\/www.fuldaernachrichten.de\/index.php?rest_route=\/wp\/v2\/posts"}],"about":[{"href":"https:\/\/www.fuldaernachrichten.de\/index.php?rest_route=\/wp\/v2\/types\/post"}],"author":[{"embeddable":true,"href":"https:\/\/www.fuldaernachrichten.de\/index.php?rest_route=\/wp\/v2\/users\/1"}],"replies":[{"embeddable":true,"href":"https:\/\/www.fuldaernachrichten.de\/index.php?rest_route=%2Fwp%2Fv2%2Fcomments&post=115686"}],"version-history":[{"count":1,"href":"https:\/\/www.fuldaernachrichten.de\/index.php?rest_route=\/wp\/v2\/posts\/115686\/revisions"}],"predecessor-version":[{"id":115690,"href":"https:\/\/www.fuldaernachrichten.de\/index.php?rest_route=\/wp\/v2\/posts\/115686\/revisions\/115690"}],"wp:attachment":[{"href":"https:\/\/www.fuldaernachrichten.de\/index.php?rest_route=%2Fwp%2Fv2%2Fmedia&parent=115686"}],"wp:term":[{"taxonomy":"category","embeddable":true,"href":"https:\/\/www.fuldaernachrichten.de\/index.php?rest_route=%2Fwp%2Fv2%2Fcategories&post=115686"},{"taxonomy":"post_tag","embeddable":true,"href":"https:\/\/www.fuldaernachrichten.de\/index.php?rest_route=%2Fwp%2Fv2%2Ftags&post=115686"}],"curies":[{"name":"wp","href":"https:\/\/api.w.org\/{rel}","templated":true}]}}