{"id":115682,"date":"2013-10-22T00:11:15","date_gmt":"2013-10-22T00:11:15","guid":{"rendered":"http:\/\/www.fuldaer-nachrichten.de\/?p=115682"},"modified":"2013-10-21T16:51:03","modified_gmt":"2013-10-21T16:51:03","slug":"buecherbasar-im-muetterzentrum-die-muetze-4","status":"publish","type":"post","link":"https:\/\/www.fuldaernachrichten.de\/?p=115682","title":{"rendered":"B\u00fccherbasar im M\u00fctterzentrum \u201eDie M\u00dcTZE\u201c"},"content":{"rendered":"<p>Fulda. Der F\u00f6rderverein der Bildungs- und Begegnungsst\u00e4tte M\u00fctterzentrum Fulda e. V. veranstaltet am Sonntag, 27.10.13 in der Zeit von 14.00 \u2013 16.30 Uhr einen B\u00fccherbasar in \u201eDer M\u00dcTZE\u201c, Gallasiniring 8, in Fulda. Hier gibt es die M\u00f6glichkeit zum Kauf oder Verkauf neuwertiger, aktueller und gut erhaltener B\u00fccher (wie Romane, Krimis, Kinderb\u00fccher oder Sachb\u00fccher) sowie H\u00f6rb\u00fccher, Musik-CD\u00e2\u20ac\u2122s und DVD\u00e2\u20ac\u2122s. W\u00e4hrend des Basars steht den kleinen Besuchern das Spielzimmer zur Verf\u00fcgung. Kaffee und Kuchen wird angeboten. Informationen unter Tel. 0661\/8050, Mo. \u2013 Fr. in der Zeit von 9.00 \u2013 12.30 Uhr.<\/p>\n","protected":false},"excerpt":{"rendered":"<div class=\"tmnf_excerpt\"><p>Fulda. Der F\u00f6rderverein der Bildungs- und Begegnungsst\u00e4tte M\u00fctterzentrum Fulda e. V. veranstaltet am Sonntag, 27.10.13 in der Zeit von 14.00 \u2013 16.30 Uhr einen B\u00fccherbasar in \u201eDer M\u00dcTZE\u201c, Gallasiniring 8, in Fulda. Hier gibt es die M\u00f6glichkeit zum Kauf oder Verkauf neuwertiger, aktueller und gut erhaltener B\u00fccher (wie Romane, Krimis, Kinderb\u00fccher oder Sachb\u00fccher) sowie H\u00f6rb\u00fccher, &hellip;<\/p>\n<\/div>","protected":false},"author":1,"featured_media":0,"comment_status":"closed","ping_status":"closed","sticky":false,"template":"","format":"standard","meta":{"footnotes":""},"categories":[1,72],"tags":[],"class_list":["post-115682","post","type-post","status-publish","format-standard","hentry","category-startseite","category-jugend"],"_links":{"self":[{"href":"https:\/\/www.fuldaernachrichten.de\/index.php?rest_route=\/wp\/v2\/posts\/115682","targetHints":{"allow":["GET"]}}],"collection":[{"href":"https:\/\/www.fuldaernachrichten.de\/index.php?rest_route=\/wp\/v2\/posts"}],"about":[{"href":"https:\/\/www.fuldaernachrichten.de\/index.php?rest_route=\/wp\/v2\/types\/post"}],"author":[{"embeddable":true,"href":"https:\/\/www.fuldaernachrichten.de\/index.php?rest_route=\/wp\/v2\/users\/1"}],"replies":[{"embeddable":true,"href":"https:\/\/www.fuldaernachrichten.de\/index.php?rest_route=%2Fwp%2Fv2%2Fcomments&post=115682"}],"version-history":[{"count":1,"href":"https:\/\/www.fuldaernachrichten.de\/index.php?rest_route=\/wp\/v2\/posts\/115682\/revisions"}],"predecessor-version":[{"id":115683,"href":"https:\/\/www.fuldaernachrichten.de\/index.php?rest_route=\/wp\/v2\/posts\/115682\/revisions\/115683"}],"wp:attachment":[{"href":"https:\/\/www.fuldaernachrichten.de\/index.php?rest_route=%2Fwp%2Fv2%2Fmedia&parent=115682"}],"wp:term":[{"taxonomy":"category","embeddable":true,"href":"https:\/\/www.fuldaernachrichten.de\/index.php?rest_route=%2Fwp%2Fv2%2Fcategories&post=115682"},{"taxonomy":"post_tag","embeddable":true,"href":"https:\/\/www.fuldaernachrichten.de\/index.php?rest_route=%2Fwp%2Fv2%2Ftags&post=115682"}],"curies":[{"name":"wp","href":"https:\/\/api.w.org\/{rel}","templated":true}]}}